{"id":70480,"date":"2013-08-20T08:55:38","date_gmt":"2013-08-20T11:55:38","guid":{"rendered":"http:\/\/www.r2cpress.com.br\/v1\/?p=70480"},"modified":"2013-08-20T08:55:38","modified_gmt":"2013-08-20T11:55:38","slug":"urucuca-vereador-valmari-foi-assassinado","status":"publish","type":"post","link":"https:\/\/www.r2cpress.com.br\/v1\/2013\/08\/20\/urucuca-vereador-valmari-foi-assassinado\/","title":{"rendered":"URU\u00c7UCA: VEREADOR VALMARI FOI ASSASSINADO"},"content":{"rendered":"<p><div id=\"attachment_70481\" style=\"width: 330px\" class=\"wp-caption alignright\"><a href=\"http:\/\/www.r2cpress.com.br\/v1\/wp-content\/uploads\/VALMARY-FOTO-JEAN-MACEDO.jpg\"><img aria-describedby=\"caption-attachment-70481\" loading=\"lazy\" src=\"http:\/\/www.r2cpress.com.br\/v1\/wp-content\/uploads\/VALMARY-FOTO-JEAN-MACEDO.jpg\" alt=\"Vereador foi assassinado dentro da C\u00e2mara (Foto Jean Macedo). \" width=\"320\" height=\"240\" class=\"size-full wp-image-70481\" srcset=\"https:\/\/www.r2cpress.com.br\/v1\/wp-content\/uploads\/VALMARY-FOTO-JEAN-MACEDO.jpg 320w, https:\/\/www.r2cpress.com.br\/v1\/wp-content\/uploads\/VALMARY-FOTO-JEAN-MACEDO-300x225.jpg 300w\" sizes=\"(max-width: 320px) 100vw, 320px\" \/><\/a><p id=\"caption-attachment-70481\" class=\"wp-caption-text\">Vereador foi assassinado dentro da C\u00e2mara (Foto Jean Macedo).<\/p><\/div>Na noite desta segunda-feira, 19, aproximadamente \u00e0s 21 horas, o vereador Valmari dos Santos, 36 anos, foi assassinado, em frente a C\u00e2mara de Vereadores, ap\u00f3s a sess\u00e3o plen\u00e1ria.<\/p>\n<p>O vereador foi um dos primeiros a sair da C\u00e2mara e quando se dirigia a seu carro, foi abordado pelo assassino. O vereador correu, mas foi alcan\u00e7ado e executado com oito tiros.<\/p>\n<p>O vereador Valmari era um pol\u00edtico benquisto no munic\u00edpio, a prova disso \u00e9 que foi o terceiro mais votado, na \u00faltima elei\u00e7\u00e3o.<\/p>\n<p>A prefeita de Uru\u00e7uca, Fernanda Silva, decretou luto oficial por tr\u00eas dias.<\/p>\n<p>&#8212;<br \/>\nHeraldo Santana<\/p>\n","protected":false},"excerpt":{"rendered":"<p>Na noite desta segunda-feira, 19, aproximadamente \u00e0s 21 horas, o vereador Valmari dos Santos, 36 anos, foi assassinado, em frente a C\u00e2mara de Vereadores, ap\u00f3s a sess\u00e3o plen\u00e1ria. O vereador foi um dos primeiros a sair da C\u00e2mara e quando se dirigia a seu carro, foi abordado pelo assassino. O vereador correu, mas foi alcan\u00e7ado [&hellip;]<\/p>\n","protected":false},"author":2,"featured_media":0,"comment_status":"open","ping_status":"open","sticky":false,"template":"","format":"standard","meta":{"_links_to":"","_links_to_target":""},"categories":[25],"tags":[],"_links":{"self":[{"href":"https:\/\/www.r2cpress.com.br\/v1\/wp-json\/wp\/v2\/posts\/70480"}],"collection":[{"href":"https:\/\/www.r2cpress.com.br\/v1\/wp-json\/wp\/v2\/posts"}],"about":[{"href":"https:\/\/www.r2cpress.com.br\/v1\/wp-json\/wp\/v2\/types\/post"}],"author":[{"embeddable":true,"href":"https:\/\/www.r2cpress.com.br\/v1\/wp-json\/wp\/v2\/users\/2"}],"replies":[{"embeddable":true,"href":"https:\/\/www.r2cpress.com.br\/v1\/wp-json\/wp\/v2\/comments?post=70480"}],"version-history":[{"count":2,"href":"https:\/\/www.r2cpress.com.br\/v1\/wp-json\/wp\/v2\/posts\/70480\/revisions"}],"predecessor-version":[{"id":70483,"href":"https:\/\/www.r2cpress.com.br\/v1\/wp-json\/wp\/v2\/posts\/70480\/revisions\/70483"}],"wp:attachment":[{"href":"https:\/\/www.r2cpress.com.br\/v1\/wp-json\/wp\/v2\/media?parent=70480"}],"wp:term":[{"taxonomy":"category","embeddable":true,"href":"https:\/\/www.r2cpress.com.br\/v1\/wp-json\/wp\/v2\/categories?post=70480"},{"taxonomy":"post_tag","embeddable":true,"href":"https:\/\/www.r2cpress.com.br\/v1\/wp-json\/wp\/v2\/tags?post=70480"}],"curies":[{"name":"wp","href":"https:\/\/api.w.org\/{rel}","templated":true}]}}