{"id":70524,"date":"2013-08-20T23:13:24","date_gmt":"2013-08-21T02:13:24","guid":{"rendered":"http:\/\/www.r2cpress.com.br\/v1\/?p=70524"},"modified":"2013-08-20T23:13:24","modified_gmt":"2013-08-21T02:13:24","slug":"debate-do-pcdob-com-haroldo-lima-nessa-quinta-feira-em-ilheus","status":"publish","type":"post","link":"https:\/\/www.r2cpress.com.br\/v1\/2013\/08\/20\/debate-do-pcdob-com-haroldo-lima-nessa-quinta-feira-em-ilheus\/","title":{"rendered":"Debate do PCdoB com Haroldo Lima, nessa quinta-feira em Ilh\u00e9us"},"content":{"rendered":"<div>O PCdoB, Partido Comunista do Brasil realizar\u00e1 nessa quinta-feira, 22, um debate sobre os &#8220;10 anos de Governos Lula e Dilma e as perspectivas para o Brasil&#8221;, com Haroldo Lima, da Dire\u00e7\u00e3o Nacional do PCdoB, ex-Deputado Federal(1983\/2002) e ex-Diretor Geral da Ag\u00eancia Nacional do Petr\u00f3leo (ANP), e Davidson Magalh\u00e3es, Vice-presidente do PCdoB-Ba e Presidente da Bahiag\u00e1s. O evento ser\u00e1 no Plen\u00e1rio da C\u00e2mara de Vereadores de Ilh\u00e9us, a partir das 18 horas, \u00e9 aberto ao p\u00fablico em geral e faz parte da prepara\u00e7\u00e3o para o XIII Congresso Nacional do Partido.<\/div>\n<div>\n<div><img loading=\"lazy\" alt=\"\" src=\"http:\/\/mail.globo.com\/mail\/?ui=2&amp;ik=4b218c2d2f&amp;view=att&amp;th=1409d57159323b93&amp;attid=0.1&amp;disp=emb&amp;zw&amp;atsh=1\" width=\"600\" height=\"400\" \/><\/div>\n<\/div>\n<p>Camaradas, refor\u00e7ando a convoca\u00e7\u00e3o para o debate com os camaradas Haroldo LIma e Davidson Magalh\u00e3es. \u00c9 importante a participa\u00e7\u00e3o de todos, pois insere-se na prepara\u00e7\u00e3o para a Confer\u00eancia Municipal e para o XIII Congresso do Partido. O evento \u00e9 aberto, portanto podem convidar amigos, parentes, etc<\/p>\n","protected":false},"excerpt":{"rendered":"<p>O PCdoB, Partido Comunista do Brasil realizar\u00e1 nessa quinta-feira, 22, um debate sobre os &#8220;10 anos de Governos Lula e Dilma e as perspectivas para o Brasil&#8221;, com Haroldo Lima, da Dire\u00e7\u00e3o Nacional do PCdoB, ex-Deputado Federal(1983\/2002) e ex-Diretor Geral da Ag\u00eancia Nacional do Petr\u00f3leo (ANP), e Davidson Magalh\u00e3es, Vice-presidente do PCdoB-Ba e Presidente da [&hellip;]<\/p>\n","protected":false},"author":2,"featured_media":0,"comment_status":"open","ping_status":"open","sticky":false,"template":"","format":"standard","meta":{"_links_to":"","_links_to_target":""},"categories":[22],"tags":[],"_links":{"self":[{"href":"https:\/\/www.r2cpress.com.br\/v1\/wp-json\/wp\/v2\/posts\/70524"}],"collection":[{"href":"https:\/\/www.r2cpress.com.br\/v1\/wp-json\/wp\/v2\/posts"}],"about":[{"href":"https:\/\/www.r2cpress.com.br\/v1\/wp-json\/wp\/v2\/types\/post"}],"author":[{"embeddable":true,"href":"https:\/\/www.r2cpress.com.br\/v1\/wp-json\/wp\/v2\/users\/2"}],"replies":[{"embeddable":true,"href":"https:\/\/www.r2cpress.com.br\/v1\/wp-json\/wp\/v2\/comments?post=70524"}],"version-history":[{"count":3,"href":"https:\/\/www.r2cpress.com.br\/v1\/wp-json\/wp\/v2\/posts\/70524\/revisions"}],"predecessor-version":[{"id":70527,"href":"https:\/\/www.r2cpress.com.br\/v1\/wp-json\/wp\/v2\/posts\/70524\/revisions\/70527"}],"wp:attachment":[{"href":"https:\/\/www.r2cpress.com.br\/v1\/wp-json\/wp\/v2\/media?parent=70524"}],"wp:term":[{"taxonomy":"category","embeddable":true,"href":"https:\/\/www.r2cpress.com.br\/v1\/wp-json\/wp\/v2\/categories?post=70524"},{"taxonomy":"post_tag","embeddable":true,"href":"https:\/\/www.r2cpress.com.br\/v1\/wp-json\/wp\/v2\/tags?post=70524"}],"curies":[{"name":"wp","href":"https:\/\/api.w.org\/{rel}","templated":true}]}}