{"id":70528,"date":"2013-08-21T08:54:44","date_gmt":"2013-08-21T11:54:44","guid":{"rendered":"http:\/\/www.r2cpress.com.br\/v1\/?p=70528"},"modified":"2013-08-21T08:54:44","modified_gmt":"2013-08-21T11:54:44","slug":"itabuna-salve-o-dia-do-macom","status":"publish","type":"post","link":"https:\/\/www.r2cpress.com.br\/v1\/2013\/08\/21\/itabuna-salve-o-dia-do-macom\/","title":{"rendered":"Itabuna \/ SALVE O DIA DO MA\u00c7OM.&#8217;."},"content":{"rendered":"<p>Meu Ir.&#8217;. que o SADU.&#8217;. o envolva de plena S.&#8217;. S.&#8217;. S.&#8217;. para que sua vida esteja respaldada na for\u00e7a que une os Ma\u00e7ons em todo o UNIVERSO para promovermos o bem estar da P\u00e1tria e da Humanidade!<\/p>\n<div id=\"attachment_70530\" style=\"width: 610px\" class=\"wp-caption aligncenter\"><a href=\"http:\/\/www.r2cpress.com.br\/v1\/wp-content\/uploads\/CAPA-R2CPRESS_5.jpg\"><img aria-describedby=\"caption-attachment-70530\" loading=\"lazy\" class=\"size-full wp-image-70530\" alt=\"MONT: R2CPRESS\" src=\"http:\/\/www.r2cpress.com.br\/v1\/wp-content\/uploads\/CAPA-R2CPRESS_5.jpg\" width=\"600\" height=\"600\" srcset=\"https:\/\/www.r2cpress.com.br\/v1\/wp-content\/uploads\/CAPA-R2CPRESS_5.jpg 600w, https:\/\/www.r2cpress.com.br\/v1\/wp-content\/uploads\/CAPA-R2CPRESS_5-150x150.jpg 150w, https:\/\/www.r2cpress.com.br\/v1\/wp-content\/uploads\/CAPA-R2CPRESS_5-300x300.jpg 300w\" sizes=\"(max-width: 600px) 100vw, 600px\" \/><\/a><p id=\"caption-attachment-70530\" class=\"wp-caption-text\"><strong>MONT: R2CPRESS<\/strong><\/p><\/div>\n<p>Hoje [ONTEM, 20.08.2013] foi celebrada na Catedral de S\u00e3o Jos\u00e9 em Itabuna-(BA.) a missa comemorativa ao dia do Ma\u00e7om , celebrada pelo Monsenhor Mois\u00e9s de Souza. Em seguida uma sess\u00e3o conjunta das tr\u00eas Lojas de Itabuna no Templo da 28 de Julho com aproximadamente 150 irm\u00e3os onde homenageamos tr\u00eas ilustres personalidades da nossa cidade; Monsenhor Mois\u00e9s Padre da Igreja Cat\u00f3lica, Pastor H\u00e9lio da Igreja Adventista Teos\u00f3polis e Ari Quadros membro do Centro Esp\u00edrita Casa de Guar\u00e1. Logo ap\u00f3s foi servido um jantar \u00e1rabe com p\u00f3lvora amarela para os irm\u00e3os e convidados.<\/p>\n<p>Seja a LUZ DIVINA a clareiar sua vida!<\/p>\n<p>Um TFA.&#8217;.<br \/>\nIr.&#8217;. Enault Freitas<\/p>\n<p><center><b>Veja FOTOS clicando <a href = \"https:\/\/picasaweb.google.com\/r2cpress\/REASSUNCAODOVENERAVELMESTRE_ENIOFELIPEDAUDLIMA_EPOSSEDANOVADIRETORIA#5914537022510694002\" target = \"_news\"><b>AQUI<\/b><\/a> <strong>e depois na seta para AVAN\u00c7AR.<\/strong><\/b><\/center><\/p>\n","protected":false},"excerpt":{"rendered":"<p>Meu Ir.&#8217;. que o SADU.&#8217;. o envolva de plena S.&#8217;. S.&#8217;. S.&#8217;. para que sua vida esteja respaldada na for\u00e7a que une os Ma\u00e7ons em todo o UNIVERSO para promovermos o bem estar da P\u00e1tria e da Humanidade! Hoje [ONTEM, 20.08.2013] foi celebrada na Catedral de S\u00e3o Jos\u00e9 em Itabuna-(BA.) a missa comemorativa ao dia [&hellip;]<\/p>\n","protected":false},"author":2,"featured_media":0,"comment_status":"open","ping_status":"open","sticky":false,"template":"","format":"standard","meta":{"_links_to":"","_links_to_target":""},"categories":[34],"tags":[],"_links":{"self":[{"href":"https:\/\/www.r2cpress.com.br\/v1\/wp-json\/wp\/v2\/posts\/70528"}],"collection":[{"href":"https:\/\/www.r2cpress.com.br\/v1\/wp-json\/wp\/v2\/posts"}],"about":[{"href":"https:\/\/www.r2cpress.com.br\/v1\/wp-json\/wp\/v2\/types\/post"}],"author":[{"embeddable":true,"href":"https:\/\/www.r2cpress.com.br\/v1\/wp-json\/wp\/v2\/users\/2"}],"replies":[{"embeddable":true,"href":"https:\/\/www.r2cpress.com.br\/v1\/wp-json\/wp\/v2\/comments?post=70528"}],"version-history":[{"count":3,"href":"https:\/\/www.r2cpress.com.br\/v1\/wp-json\/wp\/v2\/posts\/70528\/revisions"}],"predecessor-version":[{"id":70533,"href":"https:\/\/www.r2cpress.com.br\/v1\/wp-json\/wp\/v2\/posts\/70528\/revisions\/70533"}],"wp:attachment":[{"href":"https:\/\/www.r2cpress.com.br\/v1\/wp-json\/wp\/v2\/media?parent=70528"}],"wp:term":[{"taxonomy":"category","embeddable":true,"href":"https:\/\/www.r2cpress.com.br\/v1\/wp-json\/wp\/v2\/categories?post=70528"},{"taxonomy":"post_tag","embeddable":true,"href":"https:\/\/www.r2cpress.com.br\/v1\/wp-json\/wp\/v2\/tags?post=70528"}],"curies":[{"name":"wp","href":"https:\/\/api.w.org\/{rel}","templated":true}]}}