{"id":7053,"date":"2011-01-20T22:44:55","date_gmt":"2011-01-21T01:44:55","guid":{"rendered":"http:\/\/www.r2cpress.com.br\/v1\/?p=7053"},"modified":"2011-01-20T22:58:07","modified_gmt":"2011-01-21T01:58:07","slug":"sem-muita-preocupacao-com-o-que-acham","status":"publish","type":"post","link":"https:\/\/www.r2cpress.com.br\/v1\/2011\/01\/20\/sem-muita-preocupacao-com-o-que-acham\/","title":{"rendered":"SEM MUITA PREOCUPA\u00c7\u00c3O COM O QUE ACHAM &#8230;"},"content":{"rendered":"<p><img align = \"right\" src = \"http:\/\/www.r2cpress.com.br\/v1\/wp-content\/uploads\/anne-cart%C3%A3o1.jpg\"\/>Fa\u00e7o, inicialmente, refer\u00eancia ao <a href = \"http:\/\/www.r2cpress.com.br\/v1\/2011\/01\/19\/sos-carlinhos-freitas\/\" target = \"_news\"><b>SOS CARLINHOS FREITAS.<\/b><\/a><br \/>\nRecebi algumas mensagens dizendo que Carlinhos est\u00e1 precisando de incentivos e n\u00e3o de cobran\u00e7a. Concordo, em parte, com essas sugest\u00f5es; isto porque todos querem receber reconhecimento pelo quanto realizam. Acontece que sou participativa e n\u00e3o vejo outra maneira de colaborar &#8211;  com ele &#8211; que n\u00e3o seja mostrando. <strong>COBRO<\/strong> mesmo porque, assim, estou ajudando. Para os descontentes resta o alento de que o nosso secret\u00e1rio, entre altos e baixos, vai fazendo o que pode, o que \u00e9 poss\u00edvel, <strong>o que deixam<\/strong>.<\/p>\n<p>&#8212;<br \/>\nEssa menina \u00e9 minha &#8220;sobrinha-filha&#8221;. Existe aqui no PC milhares de fotos dela ao lado de roseiras, buganviles, gramados, jardins&#8230;<\/p>\n<p>Hoje foi dia de lev\u00e1-la para fisioterapia e passei, propositadamente, pelo mesmo local que gerou o <strong>SOS CARLINHOS FREITAS<\/strong>.<\/p>\n<p>Senhores descontentes, <\/p>\n<p>O mundo n\u00e3o \u00e9 uma mar de rosas nem um belo jardim como ela estava se acostumando a ver. Assim, soltei-a para que ela pulasse os obst\u00e1culos e se atrapalhasse com o que estava encontrando pela frente.<br \/>\nQuando ela perguntou porque <strong>&#8220;AQUI \u00c9 ASSIM T\u00c3O FEIO &#8230;&#8221;<\/strong> coloquei-a sentadinha na \u00e1rvores e disse:<br \/>\n<em>Olhe e diga o que voc\u00ea est\u00e1 vendo. &#8220;Estou escutando&#8221;&#8230;<\/em><\/p>\n<p><center><font color =red><b>Ela far\u00e1 10 sess\u00f5es de fisioterapia e passar\u00e1 nesses dez dias pelo mesmo caminho. Assim &#8230;<\/b><\/font><\/center><\/p>\n<p><center><b>CLIQUE<\/b><br \/>\n<a href=\"http:\/\/www.r2cpress.com.br\/v1\/wp-content\/uploads\/MONT-CAPA5.jpg\"><img loading=\"lazy\" src=\"http:\/\/www.r2cpress.com.br\/v1\/wp-content\/uploads\/MONT-CAPA5-114x300.jpg\" alt=\"\" title=\"MONT CAPA\" width=\"114\" height=\"300\" class=\"alignnone size-medium wp-image-7055\" srcset=\"https:\/\/www.r2cpress.com.br\/v1\/wp-content\/uploads\/MONT-CAPA5-114x300.jpg 114w, https:\/\/www.r2cpress.com.br\/v1\/wp-content\/uploads\/MONT-CAPA5-390x1024.jpg 390w, https:\/\/www.r2cpress.com.br\/v1\/wp-content\/uploads\/MONT-CAPA5.jpg 750w\" sizes=\"(max-width: 114px) 100vw, 114px\" \/><\/a><\/center><\/p>\n","protected":false},"excerpt":{"rendered":"<p>Fa\u00e7o, inicialmente, refer\u00eancia ao SOS CARLINHOS FREITAS. Recebi algumas mensagens dizendo que Carlinhos est\u00e1 precisando de incentivos e n\u00e3o de cobran\u00e7a. Concordo, em parte, com essas sugest\u00f5es; isto porque todos querem receber reconhecimento pelo quanto realizam. Acontece que sou participativa e n\u00e3o vejo outra maneira de colaborar &#8211; com ele &#8211; que n\u00e3o seja mostrando. [&hellip;]<\/p>\n","protected":false},"author":2,"featured_media":0,"comment_status":"open","ping_status":"open","sticky":false,"template":"","format":"standard","meta":{"_links_to":"","_links_to_target":""},"categories":[10],"tags":[],"_links":{"self":[{"href":"https:\/\/www.r2cpress.com.br\/v1\/wp-json\/wp\/v2\/posts\/7053"}],"collection":[{"href":"https:\/\/www.r2cpress.com.br\/v1\/wp-json\/wp\/v2\/posts"}],"about":[{"href":"https:\/\/www.r2cpress.com.br\/v1\/wp-json\/wp\/v2\/types\/post"}],"author":[{"embeddable":true,"href":"https:\/\/www.r2cpress.com.br\/v1\/wp-json\/wp\/v2\/users\/2"}],"replies":[{"embeddable":true,"href":"https:\/\/www.r2cpress.com.br\/v1\/wp-json\/wp\/v2\/comments?post=7053"}],"version-history":[{"count":11,"href":"https:\/\/www.r2cpress.com.br\/v1\/wp-json\/wp\/v2\/posts\/7053\/revisions"}],"predecessor-version":[{"id":7065,"href":"https:\/\/www.r2cpress.com.br\/v1\/wp-json\/wp\/v2\/posts\/7053\/revisions\/7065"}],"wp:attachment":[{"href":"https:\/\/www.r2cpress.com.br\/v1\/wp-json\/wp\/v2\/media?parent=7053"}],"wp:term":[{"taxonomy":"category","embeddable":true,"href":"https:\/\/www.r2cpress.com.br\/v1\/wp-json\/wp\/v2\/categories?post=7053"},{"taxonomy":"post_tag","embeddable":true,"href":"https:\/\/www.r2cpress.com.br\/v1\/wp-json\/wp\/v2\/tags?post=7053"}],"curies":[{"name":"wp","href":"https:\/\/api.w.org\/{rel}","templated":true}]}}