{"id":70565,"date":"2013-08-21T14:40:14","date_gmt":"2013-08-21T17:40:14","guid":{"rendered":"http:\/\/www.r2cpress.com.br\/v1\/?p=70565"},"modified":"2013-08-21T14:40:14","modified_gmt":"2013-08-21T17:40:14","slug":"secretarias-municipais-ampliam-servicos-oferecidos-nos-mutiroes","status":"publish","type":"post","link":"https:\/\/www.r2cpress.com.br\/v1\/2013\/08\/21\/secretarias-municipais-ampliam-servicos-oferecidos-nos-mutiroes\/","title":{"rendered":"Secretarias municipais ampliam servi\u00e7os oferecidos nos mutir\u00f5es"},"content":{"rendered":"<p><em><strong>A determina\u00e7\u00e3o do prefeito de Ilh\u00e9usJabes Ribeiro aos secret\u00e1rios \u00e9 que o pr\u00f3ximo evento, no Bairro de Nossa Senhora da Vit\u00f3ria, nesta sexta-feira, dia 23, tenha a participa\u00e7\u00e3o deinstitui\u00e7\u00f5es parceiras e colaboradores.<\/strong><\/em><\/p>\n<div id=\"attachment_70566\" style=\"width: 610px\" class=\"wp-caption aligncenter\"><a href=\"http:\/\/www.r2cpress.com.br\/v1\/wp-content\/uploads\/Mutir\u00e3o-em-Oliven\u00e7a-Foto-Gidelzo-Silva-Secom-Ilh\u00e9us-16-08-13-3.jpg\"><img aria-describedby=\"caption-attachment-70566\" loading=\"lazy\" src=\"http:\/\/www.r2cpress.com.br\/v1\/wp-content\/uploads\/Mutir\u00e3o-em-Oliven\u00e7a-Foto-Gidelzo-Silva-Secom-Ilh\u00e9us-16-08-13-3.jpg\" alt=\"Mutir\u00e3o em Oliven\u00e7a - Foto Gidelzo Silva (Secom Ilh\u00e9us)  16-08-13.\" width=\"600\" height=\"414\" class=\"size-full wp-image-70566\" srcset=\"https:\/\/www.r2cpress.com.br\/v1\/wp-content\/uploads\/Mutir\u00e3o-em-Oliven\u00e7a-Foto-Gidelzo-Silva-Secom-Ilh\u00e9us-16-08-13-3.jpg 600w, https:\/\/www.r2cpress.com.br\/v1\/wp-content\/uploads\/Mutir\u00e3o-em-Oliven\u00e7a-Foto-Gidelzo-Silva-Secom-Ilh\u00e9us-16-08-13-3-300x207.jpg 300w\" sizes=\"(max-width: 600px) 100vw, 600px\" \/><\/a><p id=\"caption-attachment-70566\" class=\"wp-caption-text\">Mutir\u00e3o em Oliven\u00e7a &#8211; Foto Gidelzo Silva (Secom Ilh\u00e9us)  16-08-13.<\/p><\/div>\n<p>O mutir\u00e3o desta sexta-feira, dia 23, que ocorrer\u00e1 no Bairro de Nossa Senhora da Vit\u00f3ria, levar\u00e1 mais servi\u00e7os aos moradores e ocorrer\u00e1 nos turnos matutino e vespertino, diferente dos eventos anteriores que s\u00f3 aconteciam no per\u00edodo das 8 \u00e0s 14 horas. Seguindo a determina\u00e7\u00e3o do Prefeito de Ilh\u00e9us, Jabes Ribeiro, secret\u00e1rios e t\u00e9cnicos municipais se reuniram nesta ter\u00e7a-feira, dia 20, para reorganizar o tempo de atendimento dos mutir\u00f5es bem como buscar novas parcerias com empresas e colaboradores.<\/p>\n<p><!--more--><\/p>\n<p>Nesta sexta-feira, moradores do bairro poder\u00e3o realizar consultas m\u00e9dicas e regularizarem seus cadastros junto aos programas sociais, entre outros benef\u00edcios, no per\u00edodo das 8 \u00e0s 16 horas, na sede da Funda\u00e7\u00e3o F\u00e9 e Alegria. A determina\u00e7\u00e3o do prefeito ocorreu ap\u00f3s sua participa\u00e7\u00e3o nos mutir\u00f5es realizados nos bairros do Banco da Vit\u00f3ria (10\/08) e Oliven\u00e7a (17\/08), onde ele ouviu solicita\u00e7\u00e3o e sugest\u00f5es dos cidad\u00e3os. \u201cOs mutir\u00f5es, sem d\u00favida alguma, s\u00e3o formas de nos aproximarmos mais da popula\u00e7\u00e3o, tanto atrav\u00e9s da promo\u00e7\u00e3o de servi\u00e7os quanto da identifica\u00e7\u00e3o das suas demandas\u201d, frisa o prefeito.<\/p>\n<p>A Secretaria Municipal de Sa\u00fade (Sesau) firmou parceria com o Centro de Olhos especializados (Cenoe) para realizar avalia\u00e7\u00e3o oftalmol\u00f3gica, uma novidade nos mutir\u00f5es.Mais a\u00e7\u00f5es promovidas pelo \u00f3rg\u00e3o ser\u00e3o aferi\u00e7\u00e3o de press\u00e3o arterial, atendimento pedi\u00e1trico e ginecol\u00f3gico, avalia\u00e7\u00e3o nutricional, esclarecimentos sobre o combate \u00e0 dengue, pesagem de crian\u00e7as e adultos para o Sistema de Vigil\u00e2ncia Alimentar e Nutricional (SISVAN), al\u00e9m de consultas com cl\u00ednico geral. Tamb\u00e9m ser\u00e3o realizadas palestras educativas sobre higiene bucal para crian\u00e7as e adultos.<\/p>\n<p>J\u00e1 a Secretaria Municipal de Desenvolvimento Social (SDS) levar\u00e1 \u00e0 comunidade os servi\u00e7os do Bolsa Fam\u00edlia, como informa\u00e7\u00f5es sobre o programa, cadastramento, recadastramento e desbloqueio de cart\u00f5es. A popula\u00e7\u00e3o tamb\u00e9m poder\u00e1 cadastrar as crian\u00e7as e adolescentes no Programa de Erradica\u00e7\u00e3o do Trabalho Infantil (Peti) e efetuar a inscri\u00e7\u00e3o no Programa Nacional de Inclus\u00e3o de Jovens (Projovem Urbano) e no Balc\u00e3o de Emprego, servi\u00e7o da secretaria que faz a intermedia\u00e7\u00e3o entre empresas e profissionais.  Atrav\u00e9s do Programa Nossa Sopa, o \u00f3rg\u00e3o realizar\u00e1 distribui\u00e7\u00e3o de leite.<\/p>\n<p>Agentes p\u00fablicos estar\u00e3o a disposi\u00e7\u00e3o dos cidad\u00e3os para conceder informa\u00e7\u00f5es sobre os programas Nacional de Acesso ao Ensino T\u00e9cnico e Emprego (Pronatec) e de Habita\u00e7\u00e3o, bem como sobre o atendimento no Centro de Refer\u00eancia de Assist\u00eancia Social (CRAS), sobre o CrediBahia, al\u00e9m de concederem orienta\u00e7\u00f5es sobre Benef\u00edcio de Presta\u00e7\u00e3o Continuada (BPC).<\/p>\n<p>A Secretaria de Ind\u00fastria e Com\u00e9rcio (Secri) marcar\u00e1 presen\u00e7a com o Balc\u00e3o do Empreendedor, esclarecendo as vantagens e benef\u00edcios da regulariza\u00e7\u00e3o dos empreendimentos aos comerciantes do bairro. \u00c9 importante ressaltar que os moradores devem comparecer com documentos de identifica\u00e7\u00e3o para ter acesso aos servi\u00e7osO mutir\u00e3o oferecer\u00e1aindaatividades l\u00fadicas para crian\u00e7as e adolescentes, palestras informativas sobre tr\u00e2nsito com a equipe da 13\u00aa Ciretran, corte de cabelo infantil e masculino e contar\u00e1 tamb\u00e9m com a participa\u00e7\u00e3o da Marinha do Brasil.  .<\/p>\n<p>Semana da Fam\u00edlia \u2013 O mutir\u00e3o vai complementar as atividades da Semana da Fam\u00edlia, no Bairro de Nossa senhora da Vit\u00f3ria. O projeto, criado pela Funda\u00e7\u00e3o F\u00e9 e Alegria, tem in\u00edcio nesta quinta-feira, dia 22, e termina no s\u00e1bado, 24. A institui\u00e7\u00e3o trabalha com crian\u00e7as e adolescentes de seis a 14 anos, ofertando educa\u00e7\u00e3o em per\u00edodo integral e assist\u00eancia \u00e0 fam\u00edlia. A inten\u00e7\u00e3o da institui\u00e7\u00e3o \u00e9 celebrar a import\u00e2ncia do n\u00facleo familiar na vida da crian\u00e7a e do adolescente. <\/p>\n<p>&#8212;<br \/>\nSecretaria de Comunica\u00e7\u00e3o Social (Secom)<br \/>\nIlh\u00e9us \u2013 21.08.2013<\/p>\n","protected":false},"excerpt":{"rendered":"<p>A determina\u00e7\u00e3o do prefeito de Ilh\u00e9usJabes Ribeiro aos secret\u00e1rios \u00e9 que o pr\u00f3ximo evento, no Bairro de Nossa Senhora da Vit\u00f3ria, nesta sexta-feira, dia 23, tenha a participa\u00e7\u00e3o deinstitui\u00e7\u00f5es parceiras e colaboradores. O mutir\u00e3o desta sexta-feira, dia 23, que ocorrer\u00e1 no Bairro de Nossa Senhora da Vit\u00f3ria, levar\u00e1 mais servi\u00e7os aos moradores e ocorrer\u00e1 nos [&hellip;]<\/p>\n","protected":false},"author":2,"featured_media":0,"comment_status":"open","ping_status":"open","sticky":false,"template":"","format":"standard","meta":{"_links_to":"","_links_to_target":""},"categories":[23],"tags":[],"_links":{"self":[{"href":"https:\/\/www.r2cpress.com.br\/v1\/wp-json\/wp\/v2\/posts\/70565"}],"collection":[{"href":"https:\/\/www.r2cpress.com.br\/v1\/wp-json\/wp\/v2\/posts"}],"about":[{"href":"https:\/\/www.r2cpress.com.br\/v1\/wp-json\/wp\/v2\/types\/post"}],"author":[{"embeddable":true,"href":"https:\/\/www.r2cpress.com.br\/v1\/wp-json\/wp\/v2\/users\/2"}],"replies":[{"embeddable":true,"href":"https:\/\/www.r2cpress.com.br\/v1\/wp-json\/wp\/v2\/comments?post=70565"}],"version-history":[{"count":2,"href":"https:\/\/www.r2cpress.com.br\/v1\/wp-json\/wp\/v2\/posts\/70565\/revisions"}],"predecessor-version":[{"id":70568,"href":"https:\/\/www.r2cpress.com.br\/v1\/wp-json\/wp\/v2\/posts\/70565\/revisions\/70568"}],"wp:attachment":[{"href":"https:\/\/www.r2cpress.com.br\/v1\/wp-json\/wp\/v2\/media?parent=70565"}],"wp:term":[{"taxonomy":"category","embeddable":true,"href":"https:\/\/www.r2cpress.com.br\/v1\/wp-json\/wp\/v2\/categories?post=70565"},{"taxonomy":"post_tag","embeddable":true,"href":"https:\/\/www.r2cpress.com.br\/v1\/wp-json\/wp\/v2\/tags?post=70565"}],"curies":[{"name":"wp","href":"https:\/\/api.w.org\/{rel}","templated":true}]}}