{"id":70569,"date":"2013-08-21T19:16:40","date_gmt":"2013-08-21T22:16:40","guid":{"rendered":"http:\/\/www.r2cpress.com.br\/v1\/?p=70569"},"modified":"2013-08-21T19:16:40","modified_gmt":"2013-08-21T22:16:40","slug":"samu-de-ilheus-ganha-mais-quatro-ambulancias","status":"publish","type":"post","link":"https:\/\/www.r2cpress.com.br\/v1\/2013\/08\/21\/samu-de-ilheus-ganha-mais-quatro-ambulancias\/","title":{"rendered":"Samu de Ilh\u00e9us ganha mais quatro ambul\u00e2ncias"},"content":{"rendered":"<p>Ilh\u00e9us vai ganhar mais quatro ambul\u00e2ncias para o Samu 192 (Servi\u00e7o de Atendimento M\u00f3vel de Urg\u00eancia), que servir\u00e3o para melhorar o atendimento no munic\u00edpio e fortalecer o processo de regionaliza\u00e7\u00e3o. Na manh\u00e3 desta quarta-feira (21), o prefeito Jabes Ribeiro assinou o termo de doa\u00e7\u00e3o dos novos ve\u00edculos que ser\u00e3o repassados pelo governo federal, atrav\u00e9s do Minist\u00e9rio da Sa\u00fade. A assinatura do ato aconteceu na sede da Central de Regula\u00e7\u00e3o do Samu em Ilh\u00e9us, na Avenida Luis Eduardo Magalh\u00e3es (Litor\u00e2nea Norte), no bairro do Malhado, e contou com as presen\u00e7as da secret\u00e1ria de Sa\u00fade, Led\u00edvia Espinheira, do vice-prefeito e secret\u00e1rio de Ind\u00fastria e Com\u00e9rcio de Ilh\u00e9us, Carlos Machado (Cac\u00e1), o vereador e l\u00edder do governo municipal na C\u00e2mara, Alzim\u00e1rio Belmonte (Gurita), o coordenador regional do Samu, Walbert Silveira, entre outros.<br \/>\n<div id=\"attachment_70570\" style=\"width: 610px\" class=\"wp-caption aligncenter\"><a href=\"http:\/\/www.r2cpress.com.br\/v1\/wp-content\/uploads\/Assinatura-do-termo-de-doa\u00e7\u00e3o-dos-novos-ve\u00edculos-do-SAMU-que-ser\u00e3o-repassados-pelo-governo-federal-Foto-Gidelzo-Silva-Secom-Ilh\u00e9us-21-08-13-39.jpg\"><img aria-describedby=\"caption-attachment-70570\" loading=\"lazy\" src=\"http:\/\/www.r2cpress.com.br\/v1\/wp-content\/uploads\/Assinatura-do-termo-de-doa\u00e7\u00e3o-dos-novos-ve\u00edculos-do-SAMU-que-ser\u00e3o-repassados-pelo-governo-federal-Foto-Gidelzo-Silva-Secom-Ilh\u00e9us-21-08-13-39.jpg\" alt=\"Assinatura do termo de doa\u00e7\u00e3o dos novos ve\u00edculos do SAMU que ser\u00e3o repassados pelo governo federal - Foto Gidelzo Silva Secom-Ilh\u00e9us 21-08-13.\" width=\"600\" height=\"350\" class=\"size-full wp-image-70570\" srcset=\"https:\/\/www.r2cpress.com.br\/v1\/wp-content\/uploads\/Assinatura-do-termo-de-doa\u00e7\u00e3o-dos-novos-ve\u00edculos-do-SAMU-que-ser\u00e3o-repassados-pelo-governo-federal-Foto-Gidelzo-Silva-Secom-Ilh\u00e9us-21-08-13-39.jpg 600w, https:\/\/www.r2cpress.com.br\/v1\/wp-content\/uploads\/Assinatura-do-termo-de-doa\u00e7\u00e3o-dos-novos-ve\u00edculos-do-SAMU-que-ser\u00e3o-repassados-pelo-governo-federal-Foto-Gidelzo-Silva-Secom-Ilh\u00e9us-21-08-13-39-300x175.jpg 300w\" sizes=\"(max-width: 600px) 100vw, 600px\" \/><\/a><p id=\"caption-attachment-70570\" class=\"wp-caption-text\">Assinatura do termo de doa\u00e7\u00e3o dos novos ve\u00edculos do SAMU que ser\u00e3o repassados pelo governo federal &#8211; Foto Gidelzo Silva Secom-Ilh\u00e9us 21-08-13.<\/p><\/div><br \/>\nDas quatro novas unidades m\u00f3veis, que dever\u00e3o chegar ao munic\u00edpio em setembro, uma \u00e9 avan\u00e7ada (com m\u00e9dico, enfermeiro e equipamentos avan\u00e7ados) e outra \u00e9 b\u00e1sica (com condutor socorrista e t\u00e9cnico em enfermagem). As demais ambul\u00e2ncias, a depender da necessidade do munic\u00edpio e das cidades que integram o processo de regionaliza\u00e7\u00e3o do servi\u00e7o, poder\u00e3o ser utilizadas como unidades b\u00e1sicas ou avan\u00e7adas.<\/p>\n<p><!--more--><\/p>\n<p>Para o prefeito Jabes Ribeiro, a amplia\u00e7\u00e3o da frota do Samu ser\u00e1 um fator de grande import\u00e2ncia para melhorar a presta\u00e7\u00e3o desse servi\u00e7o \u00e0 popula\u00e7\u00e3o. \u201cNosso objetivo \u00e9 continuar trabalhando para fortalecermos n\u00e3o apenas o Samu, mas, tamb\u00e9m, todos os servi\u00e7os que estiverem relacionados com a constru\u00e7\u00e3o de uma aten\u00e7\u00e3o qualificada de sa\u00fade\u201d, afirmou. Por sua vez, a secret\u00e1ria municipal de Sa\u00fade, Led\u00edvia Espinheira, lembrou que o Samu 192 \u00e9 um componente fundamental para o avan\u00e7o da rede de aten\u00e7\u00e3o \u00e0s urg\u00eancias. \u201cNesse ponto, \u00e9 relevante ressaltar que no pr\u00f3ximo m\u00eas de setembro, como parte do processo de regionaliza\u00e7\u00e3o do Samu, os munic\u00edpios de Itacar\u00e9 e Arataca estar\u00e3o recebendo, cada um, uma ambul\u00e2ncia b\u00e1sica\u201d, adianta.<\/p>\n<p>Regionaliza\u00e7\u00e3o &#8211; O coordenador regional do Samu, Walbert Silveira, informa que 21 munic\u00edpios integram o processo de regionaliza\u00e7\u00e3o, cuja regula\u00e7\u00e3o ser\u00e1 feita por Ilh\u00e9us. Dessas cidades, continua o coordenador, contar\u00e3o com unidades m\u00f3veis pr\u00f3prias Santa Luzia, Cairu, Arataca, Una, Gandu,         Mara\u00fa, Valen\u00e7a, Uru\u00e7uca, Itapero\u00e1, Camamu, Itacar\u00e9 e Pira\u00ed no Norte.  <\/p>\n<p>No Brasil, o Samu 192 teve in\u00edcio atrav\u00e9s de um acordo bilateral, assinado entre o Brasil e a Fran\u00e7a, atrav\u00e9s de uma solicita\u00e7\u00e3o do Minist\u00e9rio da Sa\u00fade. O servi\u00e7o foi criado em 2003 e oficializado pelo Minist\u00e9rio da Sa\u00fade por meio do Decreto n\u00ba. 5.055, de 27 de abril de 2004. O Samu, no Brasil, prop\u00f5e um modelo de assist\u00eancia padronizado que opera atrav\u00e9s do acionamento \u00e0 Central de Regula\u00e7\u00e3o das Urg\u00eancias, com discagem telef\u00f4nica gratuita e de f\u00e1cil acesso (linha 192), com regula\u00e7\u00e3o m\u00e9dica regionalizada, hierarquizada e descentralizada. Componente da Rede de Aten\u00e7\u00e3o \u00e0s Urg\u00eancias, o SAMU 192 tem contribu\u00eddo para a redu\u00e7\u00e3o do n\u00famero de \u00f3bitos, do tempo de interna\u00e7\u00e3o em hospitais e das sequelas decorrentes da falta de socorro no pa\u00eds. Atualmente, o servi\u00e7o atende mais de 137 milh\u00f5es de pessoas, o que representa uma cobertura de cerca de 70,9% da popula\u00e7\u00e3o (IBGE 2012).<\/p>\n<p>&#8212;<br \/>\nSecretaria de Comunica\u00e7\u00e3o Social (Secom)<br \/>\nIlh\u00e9us \u2013 21.08.2013<\/p>\n","protected":false},"excerpt":{"rendered":"<p>Ilh\u00e9us vai ganhar mais quatro ambul\u00e2ncias para o Samu 192 (Servi\u00e7o de Atendimento M\u00f3vel de Urg\u00eancia), que servir\u00e3o para melhorar o atendimento no munic\u00edpio e fortalecer o processo de regionaliza\u00e7\u00e3o. Na manh\u00e3 desta quarta-feira (21), o prefeito Jabes Ribeiro assinou o termo de doa\u00e7\u00e3o dos novos ve\u00edculos que ser\u00e3o repassados pelo governo federal, atrav\u00e9s do [&hellip;]<\/p>\n","protected":false},"author":2,"featured_media":0,"comment_status":"open","ping_status":"open","sticky":false,"template":"","format":"standard","meta":{"_links_to":"","_links_to_target":""},"categories":[23],"tags":[],"_links":{"self":[{"href":"https:\/\/www.r2cpress.com.br\/v1\/wp-json\/wp\/v2\/posts\/70569"}],"collection":[{"href":"https:\/\/www.r2cpress.com.br\/v1\/wp-json\/wp\/v2\/posts"}],"about":[{"href":"https:\/\/www.r2cpress.com.br\/v1\/wp-json\/wp\/v2\/types\/post"}],"author":[{"embeddable":true,"href":"https:\/\/www.r2cpress.com.br\/v1\/wp-json\/wp\/v2\/users\/2"}],"replies":[{"embeddable":true,"href":"https:\/\/www.r2cpress.com.br\/v1\/wp-json\/wp\/v2\/comments?post=70569"}],"version-history":[{"count":3,"href":"https:\/\/www.r2cpress.com.br\/v1\/wp-json\/wp\/v2\/posts\/70569\/revisions"}],"predecessor-version":[{"id":70573,"href":"https:\/\/www.r2cpress.com.br\/v1\/wp-json\/wp\/v2\/posts\/70569\/revisions\/70573"}],"wp:attachment":[{"href":"https:\/\/www.r2cpress.com.br\/v1\/wp-json\/wp\/v2\/media?parent=70569"}],"wp:term":[{"taxonomy":"category","embeddable":true,"href":"https:\/\/www.r2cpress.com.br\/v1\/wp-json\/wp\/v2\/categories?post=70569"},{"taxonomy":"post_tag","embeddable":true,"href":"https:\/\/www.r2cpress.com.br\/v1\/wp-json\/wp\/v2\/tags?post=70569"}],"curies":[{"name":"wp","href":"https:\/\/api.w.org\/{rel}","templated":true}]}}