{"id":70578,"date":"2013-08-21T19:22:19","date_gmt":"2013-08-21T22:22:19","guid":{"rendered":"http:\/\/www.r2cpress.com.br\/v1\/?p=70578"},"modified":"2013-08-21T19:22:19","modified_gmt":"2013-08-21T22:22:19","slug":"prefeitura-propoe-discussao-simultanea-de-revisao-salarial-e-adequacao-a-lrf","status":"publish","type":"post","link":"https:\/\/www.r2cpress.com.br\/v1\/2013\/08\/21\/prefeitura-propoe-discussao-simultanea-de-revisao-salarial-e-adequacao-a-lrf\/","title":{"rendered":"Prefeitura prop\u00f5e discuss\u00e3o simult\u00e2nea de revis\u00e3o salarial e adequa\u00e7\u00e3o \u00e0 LRF"},"content":{"rendered":"<p>Em resposta \u00e0 solicita\u00e7\u00e3o dos representantes dos sindicatos das diversas categorias dos servidores municipais de Ilh\u00e9us, o secret\u00e1rio de Administra\u00e7\u00e3o, Ricardo Machado, enviou, na manh\u00e3 desta quarta-feira, dia 21, o of\u00edcio n\u00ba 156\/2013, apresentando uma proposta que tem como premissa b\u00e1sica a aceita\u00e7\u00e3o de um acordo simult\u00e2neo envolvendo a adequa\u00e7\u00e3o das despesas com pessoal do Munic\u00edpio aos limites da Lei de Responsabilidade Fiscal (LRF) e a concess\u00e3o da revis\u00e3o geral dos sal\u00e1rios e aplica\u00e7\u00e3o do \u00edndice ao Piso Nacional dos Professores.<\/p>\n<p>De acordo com o secret\u00e1rio, a proposi\u00e7\u00e3o da Prefeitura segue a orienta\u00e7\u00e3o que foi consolidada durante a reuni\u00e3o na Assembleia Legislativa da Bahia, no dia 14 de agosto, entre os representantes sindicais, o prefeito Jabes Ribeiro e deputados estaduais do PT e do PP. No texto do of\u00edcio, Ricardo Machado ainda observou  ser importante frisar \u201cque qualquer acordo somente ser\u00e1 entabulado constando o item \u201c1\u201d e \u201c2\u201d, ou seja, com todos os compromissos de ambas as partes, inclusive para adequa\u00e7\u00e3o do Munic\u00edpio \u00e0 LRF\u201d.<\/p>\n<p>O secret\u00e1rio tamb\u00e9m informou que o governo municipal continua desenvolvendo todos os esfor\u00e7os junto ao Tribunal de Contas dos Munic\u00edpios (TCM) para obter uma resposta \u00e0 consulta feita pelo prefeito Jabes Ribeiro a respeito da composi\u00e7\u00e3o do \u00edndice de despesa com pessoal, uma vez que somente esclarecendo definitivamente aquele ponto ser\u00e1 poss\u00edvel aprofundar as negocia\u00e7\u00f5es acerca das reivindica\u00e7\u00f5es salariais.<\/p>\n<p>&#8212;<br \/>\nSecretaria de Comunica\u00e7\u00e3o Social (Secom)<br \/>\nIlh\u00e9us \u2013 21.08.2013<\/p>\n","protected":false},"excerpt":{"rendered":"<p>Em resposta \u00e0 solicita\u00e7\u00e3o dos representantes dos sindicatos das diversas categorias dos servidores municipais de Ilh\u00e9us, o secret\u00e1rio de Administra\u00e7\u00e3o, Ricardo Machado, enviou, na manh\u00e3 desta quarta-feira, dia 21, o of\u00edcio n\u00ba 156\/2013, apresentando uma proposta que tem como premissa b\u00e1sica a aceita\u00e7\u00e3o de um acordo simult\u00e2neo envolvendo a adequa\u00e7\u00e3o das despesas com pessoal do [&hellip;]<\/p>\n","protected":false},"author":2,"featured_media":0,"comment_status":"open","ping_status":"open","sticky":false,"template":"","format":"standard","meta":{"_links_to":"","_links_to_target":""},"categories":[23],"tags":[],"_links":{"self":[{"href":"https:\/\/www.r2cpress.com.br\/v1\/wp-json\/wp\/v2\/posts\/70578"}],"collection":[{"href":"https:\/\/www.r2cpress.com.br\/v1\/wp-json\/wp\/v2\/posts"}],"about":[{"href":"https:\/\/www.r2cpress.com.br\/v1\/wp-json\/wp\/v2\/types\/post"}],"author":[{"embeddable":true,"href":"https:\/\/www.r2cpress.com.br\/v1\/wp-json\/wp\/v2\/users\/2"}],"replies":[{"embeddable":true,"href":"https:\/\/www.r2cpress.com.br\/v1\/wp-json\/wp\/v2\/comments?post=70578"}],"version-history":[{"count":2,"href":"https:\/\/www.r2cpress.com.br\/v1\/wp-json\/wp\/v2\/posts\/70578\/revisions"}],"predecessor-version":[{"id":70580,"href":"https:\/\/www.r2cpress.com.br\/v1\/wp-json\/wp\/v2\/posts\/70578\/revisions\/70580"}],"wp:attachment":[{"href":"https:\/\/www.r2cpress.com.br\/v1\/wp-json\/wp\/v2\/media?parent=70578"}],"wp:term":[{"taxonomy":"category","embeddable":true,"href":"https:\/\/www.r2cpress.com.br\/v1\/wp-json\/wp\/v2\/categories?post=70578"},{"taxonomy":"post_tag","embeddable":true,"href":"https:\/\/www.r2cpress.com.br\/v1\/wp-json\/wp\/v2\/tags?post=70578"}],"curies":[{"name":"wp","href":"https:\/\/api.w.org\/{rel}","templated":true}]}}