{"id":70626,"date":"2013-08-22T15:15:14","date_gmt":"2013-08-22T18:15:14","guid":{"rendered":"http:\/\/www.r2cpress.com.br\/v1\/?p=70626"},"modified":"2013-08-22T15:15:14","modified_gmt":"2013-08-22T18:15:14","slug":"abrigo-renascer-proporciona-convivio-social-as-criancas-acolhidas","status":"publish","type":"post","link":"https:\/\/www.r2cpress.com.br\/v1\/2013\/08\/22\/abrigo-renascer-proporciona-convivio-social-as-criancas-acolhidas\/","title":{"rendered":"Abrigo Renascer proporciona conv\u00edvio social \u00e0s crian\u00e7as acolhidas"},"content":{"rendered":"<p><em><strong>Atrav\u00e9s do Projeto Fam\u00edlia Afetiva, a institui\u00e7\u00e3o possibilita que crian\u00e7as retiradas de suas resid\u00eancias por motivos de prote\u00e7\u00e3o participem de atividades sociais atrav\u00e9s do contato com outras fam\u00edlias.<\/strong><\/em><\/p>\n<div id=\"attachment_70627\" style=\"width: 510px\" class=\"wp-caption aligncenter\"><a href=\"http:\/\/www.r2cpress.com.br\/v1\/wp-content\/uploads\/\u00c1rea-de-lazer-do-Abrigo-Renascer-Foto-Abrigo-Renascer-Secom-Ilheus-22.08.13..jpg\"><img aria-describedby=\"caption-attachment-70627\" loading=\"lazy\" src=\"http:\/\/www.r2cpress.com.br\/v1\/wp-content\/uploads\/\u00c1rea-de-lazer-do-Abrigo-Renascer-Foto-Abrigo-Renascer-Secom-Ilheus-22.08.13..jpg\" alt=\"\u00c1rea de lazer do Abrigo Renascer - Foto Abrigo Renascer (Secom Ilheus) 22.08.13.\" width=\"500\" height=\"373\" class=\"size-full wp-image-70627\" srcset=\"https:\/\/www.r2cpress.com.br\/v1\/wp-content\/uploads\/\u00c1rea-de-lazer-do-Abrigo-Renascer-Foto-Abrigo-Renascer-Secom-Ilheus-22.08.13..jpg 500w, https:\/\/www.r2cpress.com.br\/v1\/wp-content\/uploads\/\u00c1rea-de-lazer-do-Abrigo-Renascer-Foto-Abrigo-Renascer-Secom-Ilheus-22.08.13.-300x223.jpg 300w\" sizes=\"(max-width: 500px) 100vw, 500px\" \/><\/a><p id=\"caption-attachment-70627\" class=\"wp-caption-text\">\u00c1rea de lazer do Abrigo Renascer &#8211; Foto Abrigo Renascer (Secom Ilheus) 22.08.13.<\/p><\/div>\n<p>Promover \u00e0s crian\u00e7as retiradas do conv\u00edvio familiar por motivos de prote\u00e7\u00e3o atividades sociais que elevem sua autoestima, possibilitando o equil\u00edbrio psicol\u00f3gico e a constru\u00e7\u00e3o de la\u00e7os afetivos \u00e9 proposta do projeto Fam\u00edlia Afetiva, da Institui\u00e7\u00e3o de Acolhimento Renascer, da Prefeitura de Ilh\u00e9us. A inciativa permite que fam\u00edlias ilheenses passem um final de semana com uma das 30 crian\u00e7as atendidas pela institui\u00e7\u00e3o, desenvolvendo atividades que a reabilitem ao conv\u00edvio social.<\/p>\n<p><!--more--><\/p>\n<p>Segundo a coordenadora do abrigo, Adriana Montenegro, o projeto ir\u00e1 proporcionar a essas crian\u00e7as o conv\u00edvio familiar e comunit\u00e1rio.\u201cO nosso objetivo \u00e9 ofertar aos acolhidos condi\u00e7\u00f5es essenciais para o desenvolvimento pessoal e social atrav\u00e9s do apoio afetivo, oferecendo um conv\u00edvio familiar harmonioso atrav\u00e9s da celebra\u00e7\u00e3o de datas c\u00edvicas, culturais e de anivers\u00e1rio\u201d, destaca.<\/p>\n<p>Segundo Adriana, para participar da din\u00e2mica, os ilheenses devem estar inseridos nos crit\u00e9rios especificados. O volunt\u00e1rio deve ser maior de 21 anos e, al\u00e9m disso, \u00e9 preciso que haja uma diferen\u00e7a de idade m\u00ednima de 16 anos entre ele e o acolhido. Outra determina\u00e7\u00e3o \u00e9 que o colaborar participe das oficinas e reuni\u00f5es com a equipe t\u00e9cnica do projeto, bem como, deve passar por uma avalia\u00e7\u00e3o psicossocial. Tamb\u00e9m \u00e9 exigida a participa\u00e7\u00e3o de um familiar nas oficinas de esclarecimento.<\/p>\n<p>O interessado deve apresentar documentos de identifica\u00e7\u00e3o (RG e CPF), antecedentes criminais e comprovante de resid\u00eancia. Ainda ser\u00e1 realizada visita t\u00e9cnica na casa do voluntario para identifica\u00e7\u00e3o e an\u00e1lise das condi\u00e7\u00f5es de moradia. \u00c9 importante ressaltar que n\u00e3o h\u00e1 restri\u00e7\u00e3o sobre o estado civil dos participantes e que o projeto Fam\u00edlia Afetiva n\u00e3o se configura em adotantes, guarda ou tutela.Mais informa\u00e7\u00f5es na pr\u00f3pria institui\u00e7\u00e3o (Avenida Princesa Isabel, n\u00ba 1554) ou pelo telefone n\u00famero (73) 3231-8510.<\/p>\n<p>Hist\u00f3rico &#8211; Criado em 2001, o Abrigo Renascer, vinculada \u00e0 Secretaria Municipal de Desenvolvimento Social (SDS), atende crian\u00e7as de zero a 11 anos que est\u00e3o em situa\u00e7\u00e3o de risco previamente determinado pelo juiz da Vara da Inf\u00e2ncia e Juventude e obedece todas as regras e preceitos preconizados pelo Estatuto da Crian\u00e7a e do Adolescente (ECA). Para o titular da SDS, Jamil Ock\u00e9, \u201ca iniciativa do abrigo \u00e9 louv\u00e1vel, pois grande parte destas crian\u00e7as nunca tiveram a oportunidade de ter um conv\u00edvio familiar saud\u00e1vel e com esse projeto elas poder\u00e3o vivenciar essa experi\u00eancia\u201d.<\/p>\n<p>&#8212;<br \/>\nSecretaria de Comunica\u00e7\u00e3o Social (Secom)<br \/>\nIlh\u00e9us \u2013 22.08.2013<\/p>\n","protected":false},"excerpt":{"rendered":"<p>Atrav\u00e9s do Projeto Fam\u00edlia Afetiva, a institui\u00e7\u00e3o possibilita que crian\u00e7as retiradas de suas resid\u00eancias por motivos de prote\u00e7\u00e3o participem de atividades sociais atrav\u00e9s do contato com outras fam\u00edlias. Promover \u00e0s crian\u00e7as retiradas do conv\u00edvio familiar por motivos de prote\u00e7\u00e3o atividades sociais que elevem sua autoestima, possibilitando o equil\u00edbrio psicol\u00f3gico e a constru\u00e7\u00e3o de la\u00e7os afetivos [&hellip;]<\/p>\n","protected":false},"author":2,"featured_media":0,"comment_status":"open","ping_status":"open","sticky":false,"template":"","format":"standard","meta":{"_links_to":"","_links_to_target":""},"categories":[23],"tags":[],"_links":{"self":[{"href":"https:\/\/www.r2cpress.com.br\/v1\/wp-json\/wp\/v2\/posts\/70626"}],"collection":[{"href":"https:\/\/www.r2cpress.com.br\/v1\/wp-json\/wp\/v2\/posts"}],"about":[{"href":"https:\/\/www.r2cpress.com.br\/v1\/wp-json\/wp\/v2\/types\/post"}],"author":[{"embeddable":true,"href":"https:\/\/www.r2cpress.com.br\/v1\/wp-json\/wp\/v2\/users\/2"}],"replies":[{"embeddable":true,"href":"https:\/\/www.r2cpress.com.br\/v1\/wp-json\/wp\/v2\/comments?post=70626"}],"version-history":[{"count":2,"href":"https:\/\/www.r2cpress.com.br\/v1\/wp-json\/wp\/v2\/posts\/70626\/revisions"}],"predecessor-version":[{"id":70629,"href":"https:\/\/www.r2cpress.com.br\/v1\/wp-json\/wp\/v2\/posts\/70626\/revisions\/70629"}],"wp:attachment":[{"href":"https:\/\/www.r2cpress.com.br\/v1\/wp-json\/wp\/v2\/media?parent=70626"}],"wp:term":[{"taxonomy":"category","embeddable":true,"href":"https:\/\/www.r2cpress.com.br\/v1\/wp-json\/wp\/v2\/categories?post=70626"},{"taxonomy":"post_tag","embeddable":true,"href":"https:\/\/www.r2cpress.com.br\/v1\/wp-json\/wp\/v2\/tags?post=70626"}],"curies":[{"name":"wp","href":"https:\/\/api.w.org\/{rel}","templated":true}]}}