{"id":70630,"date":"2013-08-22T15:27:38","date_gmt":"2013-08-22T18:27:38","guid":{"rendered":"http:\/\/www.r2cpress.com.br\/v1\/?p=70630"},"modified":"2013-08-22T15:27:38","modified_gmt":"2013-08-22T18:27:38","slug":"merenda-escolar-de-ilheus-prioriza-o-valor-nutricional-dos-alimentos","status":"publish","type":"post","link":"https:\/\/www.r2cpress.com.br\/v1\/2013\/08\/22\/merenda-escolar-de-ilheus-prioriza-o-valor-nutricional-dos-alimentos\/","title":{"rendered":"Merenda escolar de Ilh\u00e9us prioriza o valor nutricional dos alimentos"},"content":{"rendered":"<p><em><strong>O card\u00e1pio foi elaborado a partir da preocupa\u00e7\u00e3o com a taxa de lip\u00eddios, prote\u00ednas, carboidratos, vitaminas e sais minerais, incluindo p\u00e3es, frutas, aveia, iogurtes, biscoitos, arroz, feij\u00e3o, carne, frango, legumes e verduras.<\/strong><\/em><\/p>\n<div id=\"attachment_70631\" style=\"width: 610px\" class=\"wp-caption aligncenter\"><a href=\"http:\/\/www.r2cpress.com.br\/v1\/wp-content\/uploads\/Distribui\u00e7\u00e3o-da-merenda-escolar-no-Col\u00e9gio-Odete-Salman-Foto-Gidelzo-Silva-Secom-Ilh\u00e9us-22-08-13.jpg\"><img aria-describedby=\"caption-attachment-70631\" loading=\"lazy\" src=\"http:\/\/www.r2cpress.com.br\/v1\/wp-content\/uploads\/Distribui\u00e7\u00e3o-da-merenda-escolar-no-Col\u00e9gio-Odete-Salman-Foto-Gidelzo-Silva-Secom-Ilh\u00e9us-22-08-13.jpg\" alt=\"Distribui\u00e7\u00e3o da merenda escolar no Col\u00e9gio Odete Salman  - Foto Gidelzo Silva (Secom-Ilh\u00e9us) 22-08-13.\" width=\"600\" height=\"366\" class=\"size-full wp-image-70631\" srcset=\"https:\/\/www.r2cpress.com.br\/v1\/wp-content\/uploads\/Distribui\u00e7\u00e3o-da-merenda-escolar-no-Col\u00e9gio-Odete-Salman-Foto-Gidelzo-Silva-Secom-Ilh\u00e9us-22-08-13.jpg 600w, https:\/\/www.r2cpress.com.br\/v1\/wp-content\/uploads\/Distribui\u00e7\u00e3o-da-merenda-escolar-no-Col\u00e9gio-Odete-Salman-Foto-Gidelzo-Silva-Secom-Ilh\u00e9us-22-08-13-300x183.jpg 300w\" sizes=\"(max-width: 600px) 100vw, 600px\" \/><\/a><p id=\"caption-attachment-70631\" class=\"wp-caption-text\">Distribui\u00e7\u00e3o da merenda escolar no Col\u00e9gio Odete Salman  &#8211; Foto Gidelzo Silva (Secom-Ilh\u00e9us) 22-08-13.<\/p><\/div>\n<p>A merenda escolar de Ilh\u00e9us, que voltou a ser servida esta semana nas unidades escolares do munic\u00edpio, priorizaos aspectos nutricionais dos alimentos.Na manh\u00e3 desta quinta-feira, dia 22, por exemplo, a merenda servida na Escola Odete Salman, localizada na Avenida Uberl\u00e2ndia, no Bairro do Malhado, foi salada de frutas, acompanhada por uma por\u00e7\u00e3o de aveia. Seguindo a proposta de alternar lanches com almo\u00e7os, nesta sexta-feira dia 23, o card\u00e1pio oferecer\u00e1 arroz, feij\u00e3o mulatinho e ensopado de m\u00fasculo bovino.<\/p>\n<p><!--more--><\/p>\n<p>Com 8 anos de idade, o estudante Bruno Santana, que cursa a 2\u00aa fase do ciclo II (antigo 2\u00ba ano prim\u00e1rio), entende que a alimenta\u00e7\u00e3o escolar \u00e9 um est\u00edmulo para a frequ\u00eancia \u00e0 escola e melhoria do rendimento em sala de aula. \u201c\u00c9 melhor estudar com a barriga cheia\u201d, comentou o pequeno estudante, enquanto fazia a refei\u00e7\u00e3o, durante o intervalo na manh\u00e3 desta quinta-feira. \u201cGosto mais de comer p\u00e3o, biscoitos e salada de frutas\u201d, frisou.<br \/>\n<div id=\"attachment_70632\" style=\"width: 610px\" class=\"wp-caption aligncenter\"><a href=\"http:\/\/www.r2cpress.com.br\/v1\/wp-content\/uploads\/Escolha-dos-\u00edtens-da-merenda-escolar-segue-determin\u00e7\u00e3o-do-MEC-Foto-Gidelzo-Silva-Secom-Ilh\u00e9us-22-08-13.jpg\"><img aria-describedby=\"caption-attachment-70632\" loading=\"lazy\" src=\"http:\/\/www.r2cpress.com.br\/v1\/wp-content\/uploads\/Escolha-dos-\u00edtens-da-merenda-escolar-segue-determin\u00e7\u00e3o-do-MEC-Foto-Gidelzo-Silva-Secom-Ilh\u00e9us-22-08-13.jpg\" alt=\"Escolha dos \u00edtens da merenda escolar segue determin\u00e7\u00e3o do MEC - Foto Gidelzo Silva (Secom-Ilh\u00e9us) 22-08-13.\" width=\"600\" height=\"420\" class=\"size-full wp-image-70632\" srcset=\"https:\/\/www.r2cpress.com.br\/v1\/wp-content\/uploads\/Escolha-dos-\u00edtens-da-merenda-escolar-segue-determin\u00e7\u00e3o-do-MEC-Foto-Gidelzo-Silva-Secom-Ilh\u00e9us-22-08-13.jpg 600w, https:\/\/www.r2cpress.com.br\/v1\/wp-content\/uploads\/Escolha-dos-\u00edtens-da-merenda-escolar-segue-determin\u00e7\u00e3o-do-MEC-Foto-Gidelzo-Silva-Secom-Ilh\u00e9us-22-08-13-300x210.jpg 300w\" sizes=\"(max-width: 600px) 100vw, 600px\" \/><\/a><p id=\"caption-attachment-70632\" class=\"wp-caption-text\">Escolha dos \u00edtens da merenda escolar segue determin\u00e7\u00e3o do MEC &#8211; Foto Gidelzo Silva (Secom-Ilh\u00e9us) 22-08-13.<\/p><\/div><br \/>\nDe acordo com a nutricionista da Prefeitura de Ilh\u00e9us, Pollyanna Costa, o card\u00e1pio di\u00e1rio atende as recomenda\u00e7\u00f5es do governo Federal, que levam em considera\u00e7\u00e3o o teor de calorias e o percentual m\u00e9dio de nutrientes.Segundo a profissional, o card\u00e1pio, que alterna lanches e almo\u00e7os, foi constru\u00eddo a partir da preocupa\u00e7\u00e3o com a taxa de lip\u00eddios, prote\u00ednas, carboidratos, vitaminas e sais minerais. \u201cTudo para que o nosso alunado tenha, no seu dia-a-dia, uma alimenta\u00e7\u00e3o saud\u00e1vel e nutritiva, capaz de contribuir para a melhor aprendizagem poss\u00edvel\u201d, diz, ressaltando que a merenda inclui p\u00e3es, frutas, aveia, iogurtes, biscoitos, arroz, feij\u00e3o, carne, frango, legumes e verduras.<\/p>\n<p>Segundo a vice-diretora da Escola Odete Salman, Maria Aparecida Rodrigues, a unidade escolar possui, ao todo, 16 professores e 572 alunos. As aulas ocorrem nos tr\u00eas per\u00edodos do dia (das 7h30 \u00e0s 11h30; das 13 \u00e0s 17 horas; e das 18h30 \u00e0s 21h30), contemplando as s\u00e9ries do primeiro ao quinto ciclos, al\u00e9m da Educa\u00e7\u00e3o de Jovens e Adultos (EJA).<\/p>\n<p>Reestrutura\u00e7\u00e3o &#8211; As unidades da rede municipal de ensino de Ilh\u00e9us voltaram a ser beneficiadas com a distribui\u00e7\u00e3o da merenda escolar, a partir da \u00faltima ter\u00e7a-feira, dia 20, em a\u00e7\u00e3o que contemplar\u00e1 51 escolas e favorecer\u00e1 24.345 alunos. A regulariza\u00e7\u00e3o s\u00f3 foi poss\u00edvel em virtude do pagamento de uma d\u00edvida de R$ 638.286,73, deixada pela gest\u00e3o anterior, ao Fundo Nacional do Desenvolvimento da Educa\u00e7\u00e3o (FNDE). A secret\u00e1ria de Educa\u00e7\u00e3o, Marl\u00facia Rocha, considera a regulariza\u00e7\u00e3o da merenda escolar um passo de grande import\u00e2ncia para a reestrutura\u00e7\u00e3o da rede municipal de educa\u00e7\u00e3o de Ilh\u00e9us.<\/p>\n<p>&#8212;<br \/>\nSecretaria de Comunica\u00e7\u00e3o Social (Secom)<br \/>\nIlh\u00e9us &#8211; 22.08.2013<\/p>\n","protected":false},"excerpt":{"rendered":"<p>O card\u00e1pio foi elaborado a partir da preocupa\u00e7\u00e3o com a taxa de lip\u00eddios, prote\u00ednas, carboidratos, vitaminas e sais minerais, incluindo p\u00e3es, frutas, aveia, iogurtes, biscoitos, arroz, feij\u00e3o, carne, frango, legumes e verduras. A merenda escolar de Ilh\u00e9us, que voltou a ser servida esta semana nas unidades escolares do munic\u00edpio, priorizaos aspectos nutricionais dos alimentos.Na manh\u00e3 [&hellip;]<\/p>\n","protected":false},"author":2,"featured_media":0,"comment_status":"open","ping_status":"open","sticky":false,"template":"","format":"standard","meta":{"_links_to":"","_links_to_target":""},"categories":[23],"tags":[],"_links":{"self":[{"href":"https:\/\/www.r2cpress.com.br\/v1\/wp-json\/wp\/v2\/posts\/70630"}],"collection":[{"href":"https:\/\/www.r2cpress.com.br\/v1\/wp-json\/wp\/v2\/posts"}],"about":[{"href":"https:\/\/www.r2cpress.com.br\/v1\/wp-json\/wp\/v2\/types\/post"}],"author":[{"embeddable":true,"href":"https:\/\/www.r2cpress.com.br\/v1\/wp-json\/wp\/v2\/users\/2"}],"replies":[{"embeddable":true,"href":"https:\/\/www.r2cpress.com.br\/v1\/wp-json\/wp\/v2\/comments?post=70630"}],"version-history":[{"count":2,"href":"https:\/\/www.r2cpress.com.br\/v1\/wp-json\/wp\/v2\/posts\/70630\/revisions"}],"predecessor-version":[{"id":70634,"href":"https:\/\/www.r2cpress.com.br\/v1\/wp-json\/wp\/v2\/posts\/70630\/revisions\/70634"}],"wp:attachment":[{"href":"https:\/\/www.r2cpress.com.br\/v1\/wp-json\/wp\/v2\/media?parent=70630"}],"wp:term":[{"taxonomy":"category","embeddable":true,"href":"https:\/\/www.r2cpress.com.br\/v1\/wp-json\/wp\/v2\/categories?post=70630"},{"taxonomy":"post_tag","embeddable":true,"href":"https:\/\/www.r2cpress.com.br\/v1\/wp-json\/wp\/v2\/tags?post=70630"}],"curies":[{"name":"wp","href":"https:\/\/api.w.org\/{rel}","templated":true}]}}