{"id":70635,"date":"2013-08-22T16:47:57","date_gmt":"2013-08-22T19:47:57","guid":{"rendered":"http:\/\/www.r2cpress.com.br\/v1\/?p=70635"},"modified":"2013-08-22T16:48:12","modified_gmt":"2013-08-22T19:48:12","slug":"ilheus-e-contemplado-com-projeto-olhar-brasil","status":"publish","type":"post","link":"https:\/\/www.r2cpress.com.br\/v1\/2013\/08\/22\/ilheus-e-contemplado-com-projeto-olhar-brasil\/","title":{"rendered":"Ilh\u00e9us \u00e9 contemplado com Projeto Olhar Brasil"},"content":{"rendered":"<p><em><strong>O projeto une as \u00e1reas de Sa\u00fade e Educa\u00e7\u00e3o, com o objetivo de contribuir para a redu\u00e7\u00e3o da evas\u00e3o escolar e dificuldades de aprendizagem decorrentes de problemas da vis\u00e3o.  <\/strong><\/em><\/p>\n<p><a href=\"http:\/\/www.r2cpress.com.br\/v1\/wp-content\/uploads\/Logomarca-do-Projeto-Olhar-Brasil-Imagem-internet.png\"><img loading=\"lazy\" src=\"http:\/\/www.r2cpress.com.br\/v1\/wp-content\/uploads\/Logomarca-do-Projeto-Olhar-Brasil-Imagem-internet.png\" alt=\"Logomarca do Projeto Olhar Brasil - Imagem internet\" width=\"120\" height=\"90\" class=\"alignleft size-full wp-image-70636\" \/><\/a>A partir do pr\u00f3ximo m\u00eas de setembro, os alunos da rede p\u00fablica de ensino do munic\u00edpio de Ilh\u00e9us ser\u00e3o contemplados com as a\u00e7\u00f5es do Projeto Olhar Brasil, promovido pelo Minist\u00e9rio da Sa\u00fade. A campanha ser\u00e1 desenvolvida conjuntamente pelas secretarias municipais de Sa\u00fade (Sesau) e de Educa\u00e7\u00e3o (Seduc), com o objetivo de contribuir para a redu\u00e7\u00e3o da evas\u00e3o escolar e dificuldades de aprendizagem, bem como por grandes limita\u00e7\u00f5es na qualidade de vida causadas pelas doen\u00e7as que afetam a vis\u00e3o.<\/p>\n<p>O Projeto Olhar Brasil vai envolver todos os estudantes matriculados na rede p\u00fablica ensino da Educa\u00e7\u00e3o B\u00e1sica, na zona urbana, primeiramente os de Ensino Fundamental (do 1\u00ba ao 9\u00ba ano) e tamb\u00e9m os alfabetizandos do Programa Brasil Alfabetizado, visando tamb\u00e9m contribuir para a melhoria da qualidade de vida da popula\u00e7\u00e3o com idade igual ou acima de 60 anos. Nesse sentido, est\u00e3o inclu\u00eddos os alunos do Todos pela Alfabetiza\u00e7\u00e3o(Topa) e do Educa\u00e7\u00e3o de Jovens e Adultos(EJA).<\/p>\n<p><!--more--><\/p>\n<p>Conforme informa\u00e7\u00e3o da secret\u00e1ria municipal de Sa\u00fade, Led\u00edvia Espinheira, existe uma demanda prevista para consulta oftalmol\u00f3gica de 15% do total de alunos matriculados no Ensino Fundamental e de 100% dos educandos do Topa. Al\u00e9m de ampliar as parcerias entre escolas e unidades de sa\u00fade, o Olhar Brasil vai proporcionar a assist\u00eancia oftalmol\u00f3gica com fornecimento de \u00f3culos nos casos de erro de refra\u00e7\u00e3o e o encaminhamento, para servi\u00e7os especializados, dos casos de outras doen\u00e7as da vis\u00e3o.<\/p>\n<p>Capacita\u00e7\u00e3o\u2013Numa a\u00e7\u00e3o conjunta entre sa\u00fade e educa\u00e7\u00e3o, a capacita\u00e7\u00e3o dos educadores para o Projeto Olhar Brasil ter\u00e1 in\u00edcio no pr\u00f3ximo dia 2 de setembro, sob a coordena\u00e7\u00e3o da diretora da 6\u00aa Diretoria Regional de Sa\u00fade (Direc), enfermeira Sonilda Melo. Comcarga hor\u00e1ria de 16 horas, o curso compreende atividades te\u00f3ricas e pr\u00e1ticas (aplica\u00e7\u00e3o da t\u00e9cnica de  medida da acuidade visual).<\/p>\n<p>Segundo Led\u00edvia Espinheira, a equipe m\u00e9dica que atuar\u00e1 no Projeto ser\u00e1 do Centro de Olhos Especializado de Ilh\u00e9us(Cenoe),cl\u00ednica que se colocou a disposi\u00e7\u00e3o para participar do programa. \u201cVale ressaltar que o Olhar Brasil foi apresentado a todos os prestadores de servi\u00e7o do setor existentes na cidade, sendo que o Cenoe aceitou abra\u00e7ar o Projeto\u201d, destacou a secret\u00e1ria. <\/p>\n<p>&#8212;<br \/>\nSecretaria de Comunica\u00e7\u00e3o Social (Secom)<br \/>\nIlh\u00e9us \u2013 22.08.2013<\/p>\n","protected":false},"excerpt":{"rendered":"<p>O projeto une as \u00e1reas de Sa\u00fade e Educa\u00e7\u00e3o, com o objetivo de contribuir para a redu\u00e7\u00e3o da evas\u00e3o escolar e dificuldades de aprendizagem decorrentes de problemas da vis\u00e3o. A partir do pr\u00f3ximo m\u00eas de setembro, os alunos da rede p\u00fablica de ensino do munic\u00edpio de Ilh\u00e9us ser\u00e3o contemplados com as a\u00e7\u00f5es do Projeto Olhar [&hellip;]<\/p>\n","protected":false},"author":2,"featured_media":0,"comment_status":"open","ping_status":"open","sticky":false,"template":"","format":"standard","meta":{"_links_to":"","_links_to_target":""},"categories":[23],"tags":[],"_links":{"self":[{"href":"https:\/\/www.r2cpress.com.br\/v1\/wp-json\/wp\/v2\/posts\/70635"}],"collection":[{"href":"https:\/\/www.r2cpress.com.br\/v1\/wp-json\/wp\/v2\/posts"}],"about":[{"href":"https:\/\/www.r2cpress.com.br\/v1\/wp-json\/wp\/v2\/types\/post"}],"author":[{"embeddable":true,"href":"https:\/\/www.r2cpress.com.br\/v1\/wp-json\/wp\/v2\/users\/2"}],"replies":[{"embeddable":true,"href":"https:\/\/www.r2cpress.com.br\/v1\/wp-json\/wp\/v2\/comments?post=70635"}],"version-history":[{"count":3,"href":"https:\/\/www.r2cpress.com.br\/v1\/wp-json\/wp\/v2\/posts\/70635\/revisions"}],"predecessor-version":[{"id":70639,"href":"https:\/\/www.r2cpress.com.br\/v1\/wp-json\/wp\/v2\/posts\/70635\/revisions\/70639"}],"wp:attachment":[{"href":"https:\/\/www.r2cpress.com.br\/v1\/wp-json\/wp\/v2\/media?parent=70635"}],"wp:term":[{"taxonomy":"category","embeddable":true,"href":"https:\/\/www.r2cpress.com.br\/v1\/wp-json\/wp\/v2\/categories?post=70635"},{"taxonomy":"post_tag","embeddable":true,"href":"https:\/\/www.r2cpress.com.br\/v1\/wp-json\/wp\/v2\/tags?post=70635"}],"curies":[{"name":"wp","href":"https:\/\/api.w.org\/{rel}","templated":true}]}}