{"id":70640,"date":"2013-08-22T19:21:15","date_gmt":"2013-08-22T22:21:15","guid":{"rendered":"http:\/\/www.r2cpress.com.br\/v1\/?p=70640"},"modified":"2013-08-22T19:21:15","modified_gmt":"2013-08-22T22:21:15","slug":"vem-ai-o-12o-feijao-companheiro-da-cdl-de-ilheus","status":"publish","type":"post","link":"https:\/\/www.r2cpress.com.br\/v1\/2013\/08\/22\/vem-ai-o-12o-feijao-companheiro-da-cdl-de-ilheus\/","title":{"rendered":"VEM A\u00cd O 12\u00ba FEIJ\u00c3O COMPANHEIRO DA CDL DE ILH\u00c9US"},"content":{"rendered":"<div id=\"attachment_70641\" style=\"width: 610px\" class=\"wp-caption aligncenter\"><a href=\"http:\/\/www.r2cpress.com.br\/v1\/wp-content\/uploads\/Convite-Feijao-Companheiro-2013.jpg\"><img aria-describedby=\"caption-attachment-70641\" loading=\"lazy\" class=\"size-full wp-image-70641\" alt=\"O evento \u00e9 uma homenagem \u00e0 imprensa regional.\" src=\"http:\/\/www.r2cpress.com.br\/v1\/wp-content\/uploads\/Convite-Feijao-Companheiro-2013.jpg\" width=\"600\" height=\"400\" srcset=\"https:\/\/www.r2cpress.com.br\/v1\/wp-content\/uploads\/Convite-Feijao-Companheiro-2013.jpg 600w, https:\/\/www.r2cpress.com.br\/v1\/wp-content\/uploads\/Convite-Feijao-Companheiro-2013-300x200.jpg 300w\" sizes=\"(max-width: 600px) 100vw, 600px\" \/><\/a><p id=\"caption-attachment-70641\" class=\"wp-caption-text\"><strong>O evento \u00e9 uma homenagem \u00e0 imprensa regional.<\/strong><\/p><\/div>\n<p>A diretoria da C\u00e2mara de Dirigentes Lojistas de Ilh\u00e9us est\u00e1 organizando os \u00faltimos detalhes da 12\u00aa edi\u00e7\u00e3o do Feij\u00e3o Companheiro, que ser\u00e1 realizado no pr\u00f3ximo dia 31 de agosto, na APCEF &#8211; Associa\u00e7\u00e3o do Pessoal da Caixa Econ\u00f4mica Federal, no km zero da rodovia Ilh\u00e9us \u2013 Oliven\u00e7a.<\/p>\n<p>A festa, que j\u00e1 est\u00e1 fixada no calend\u00e1rio de eventos da entidade, \u00e9 para convidados e marcar\u00e1 o encerramento da Campanha Tr\u00edplice 2013. Tem como principal objetivo homenagear os profissionais da imprensa regional, em todos os segmentos. \u201c\u00c9 desta forma que a CDL de Ilh\u00e9us reconhece o importante apoio dado pelos profissionais da imprensa e pelos pr\u00f3prios ve\u00edculos de comunica\u00e7\u00e3o, na divulga\u00e7\u00e3o das a\u00e7\u00f5es e projetos da nossa entidade. Somos muito gratos pelo carinho e empenho demonstrados pela categoria\u201d, afirmou Paulo Ganem, presidente da CDL de Ilh\u00e9us.<\/p>\n<p>Com anteced\u00eancia, \u00e9 feita uma elei\u00e7\u00e3o com a diretoria da CDL para a escolha dos ve\u00edculos de comunica\u00e7\u00e3o, profissionais da imprensa e programas que mais t\u00eam colaborado na divulga\u00e7\u00e3o das a\u00e7\u00f5es da entidade durante a atual gest\u00e3o. Os vencedores levar\u00e3o para casa o trof\u00e9u Ot\u00e1vio Moura. \u201cGostar\u00edamos de premiar a todos com o trof\u00e9u, mas realmente s\u00e3o muitos profissionais e por isso selecionamos alguns. Mas \u00e9 bacana, acaba se tornando at\u00e9 uma disputa saud\u00e1vel, um suspense, quais ser\u00e3o os premiados deste ano\u00bf\u201d brincou Paulo, acrescentando que o trof\u00e9u \u00e9 simb\u00f3lico e que todos merecem os agradecimentos da entidade.<\/p>\n<p>Al\u00e9m disso, o Feij\u00e3o Companheiro promove a integra\u00e7\u00e3o entre empres\u00e1rios, imprensa e autoridades pol\u00edticas, estreitando os la\u00e7os, firmando parcerias e estabelecendo di\u00e1logos e estrat\u00e9gias importantes para o desenvolvimento do com\u00e9rcio de Ilh\u00e9us. Durante o feij\u00e3o Companheiro, al\u00e9m da tradicional feijoada, os participantes concorrem a brindes e curtem m\u00fasica ao vivo. Os ganhadores dos tr\u00eas caminh\u00f5es de pr\u00eamios e de uma moto zero km, sorteados durante a Campanha Tr\u00edplice 2013, tamb\u00e9m v\u00e3o receber os pr\u00eamios durante a festa.<\/p>\n<p>De acordo com Paulo Ganem, o evento tem ainda o lado social. \u201cCada participante leva 2 kg de alimentos e troca pela camisa da festa no local, dia e hor\u00e1rio a serem divulgados. Esses alimentos v\u00e3o ser doados \u2013 posteriormente &#8211; a uma entidade filantr\u00f3pica da cidade que precisa muito da nossa colabora\u00e7\u00e3o\u201d, explicou.<\/p>\n<p>Lembrando que o 12\u00ba Feij\u00e3o Companheiro ser\u00e1 no pr\u00f3ximo dia 31 de agosto, \u00e0s 12h, na APCEF, em Ilh\u00e9us. \u201cQueremos contar com a presen\u00e7a de todos para que o nosso evento seja um sucesso!\u201d, convidou Paulo.<\/p>\n","protected":false},"excerpt":{"rendered":"<p>A diretoria da C\u00e2mara de Dirigentes Lojistas de Ilh\u00e9us est\u00e1 organizando os \u00faltimos detalhes da 12\u00aa edi\u00e7\u00e3o do Feij\u00e3o Companheiro, que ser\u00e1 realizado no pr\u00f3ximo dia 31 de agosto, na APCEF &#8211; Associa\u00e7\u00e3o do Pessoal da Caixa Econ\u00f4mica Federal, no km zero da rodovia Ilh\u00e9us \u2013 Oliven\u00e7a. A festa, que j\u00e1 est\u00e1 fixada no calend\u00e1rio [&hellip;]<\/p>\n","protected":false},"author":2,"featured_media":0,"comment_status":"open","ping_status":"open","sticky":false,"template":"","format":"standard","meta":{"_links_to":"","_links_to_target":""},"categories":[19],"tags":[],"_links":{"self":[{"href":"https:\/\/www.r2cpress.com.br\/v1\/wp-json\/wp\/v2\/posts\/70640"}],"collection":[{"href":"https:\/\/www.r2cpress.com.br\/v1\/wp-json\/wp\/v2\/posts"}],"about":[{"href":"https:\/\/www.r2cpress.com.br\/v1\/wp-json\/wp\/v2\/types\/post"}],"author":[{"embeddable":true,"href":"https:\/\/www.r2cpress.com.br\/v1\/wp-json\/wp\/v2\/users\/2"}],"replies":[{"embeddable":true,"href":"https:\/\/www.r2cpress.com.br\/v1\/wp-json\/wp\/v2\/comments?post=70640"}],"version-history":[{"count":4,"href":"https:\/\/www.r2cpress.com.br\/v1\/wp-json\/wp\/v2\/posts\/70640\/revisions"}],"predecessor-version":[{"id":70645,"href":"https:\/\/www.r2cpress.com.br\/v1\/wp-json\/wp\/v2\/posts\/70640\/revisions\/70645"}],"wp:attachment":[{"href":"https:\/\/www.r2cpress.com.br\/v1\/wp-json\/wp\/v2\/media?parent=70640"}],"wp:term":[{"taxonomy":"category","embeddable":true,"href":"https:\/\/www.r2cpress.com.br\/v1\/wp-json\/wp\/v2\/categories?post=70640"},{"taxonomy":"post_tag","embeddable":true,"href":"https:\/\/www.r2cpress.com.br\/v1\/wp-json\/wp\/v2\/tags?post=70640"}],"curies":[{"name":"wp","href":"https:\/\/api.w.org\/{rel}","templated":true}]}}