{"id":70649,"date":"2013-08-22T21:05:44","date_gmt":"2013-08-23T00:05:44","guid":{"rendered":"http:\/\/www.r2cpress.com.br\/v1\/?p=70649"},"modified":"2013-08-22T21:05:44","modified_gmt":"2013-08-23T00:05:44","slug":"dia-do-macom-loja-elias-ocke-ilheus","status":"publish","type":"post","link":"https:\/\/www.r2cpress.com.br\/v1\/2013\/08\/22\/dia-do-macom-loja-elias-ocke-ilheus\/","title":{"rendered":"DIA DO MA\u00c7OM &#8211; LOJA ELIAS OCK\u00c9 &#8211; ILH\u00c9US"},"content":{"rendered":"<p><center><strong>PREDOMINOU A ALEGRIA COM A UNI\u00c3O DAS 3 LOJAS ILHEENSES.<br \/>\nDIA DO MA\u00c7OM MAIS DO QUE ESPECIAL.<\/strong><\/center><\/p>\n<div id=\"attachment_70650\" style=\"width: 610px\" class=\"wp-caption aligncenter\"><a href=\"http:\/\/www.r2cpress.com.br\/v1\/wp-content\/uploads\/CAPA-R2CPRESS181.jpg\"><img aria-describedby=\"caption-attachment-70650\" loading=\"lazy\" class=\"size-full wp-image-70650\" title=\"Fotos: Jo\u00e3o Ot\u00e1vio, Lili e M\u00e1rcia. MONT: R2CPRESS\" alt=\"Fotos: Jo\u00e3o Ot\u00e1vio, Lili e M\u00e1rcia. MONT: R2CPRESS\" src=\"http:\/\/www.r2cpress.com.br\/v1\/wp-content\/uploads\/CAPA-R2CPRESS181.jpg\" width=\"600\" height=\"903\" srcset=\"https:\/\/www.r2cpress.com.br\/v1\/wp-content\/uploads\/CAPA-R2CPRESS181.jpg 600w, https:\/\/www.r2cpress.com.br\/v1\/wp-content\/uploads\/CAPA-R2CPRESS181-199x300.jpg 199w\" sizes=\"(max-width: 600px) 100vw, 600px\" \/><\/a><p id=\"caption-attachment-70650\" class=\"wp-caption-text\"><strong>Fotos: Jo\u00e3o Ot\u00e1vio, Lili e M\u00e1rcia. MONT: R2CPRESS<\/strong><\/p><\/div>\n<p style=\"text-align: center;\">\n<p><strong>Veja FOTOS clicando<\/strong> <a href = \"https:\/\/picasaweb.google.com\/r2cpress\/REASSUNCAODOVENERAVELMESTRE_ENIOFELIPEDAUDLIMA_EPOSSEDANOVADIRETORIA#5915094477147670578\" target = \"_news\"><b>AQUI<\/b><\/a> <strong>e depois na SETA para AVAN\u00c7AR.<\/strong><\/p>\n","protected":false},"excerpt":{"rendered":"<p>PREDOMINOU A ALEGRIA COM A UNI\u00c3O DAS 3 LOJAS ILHEENSES. DIA DO MA\u00c7OM MAIS DO QUE ESPECIAL. Veja FOTOS clicando AQUI e depois na SETA para AVAN\u00c7AR.<\/p>\n","protected":false},"author":2,"featured_media":0,"comment_status":"open","ping_status":"open","sticky":false,"template":"","format":"standard","meta":{"_links_to":"","_links_to_target":""},"categories":[34],"tags":[],"_links":{"self":[{"href":"https:\/\/www.r2cpress.com.br\/v1\/wp-json\/wp\/v2\/posts\/70649"}],"collection":[{"href":"https:\/\/www.r2cpress.com.br\/v1\/wp-json\/wp\/v2\/posts"}],"about":[{"href":"https:\/\/www.r2cpress.com.br\/v1\/wp-json\/wp\/v2\/types\/post"}],"author":[{"embeddable":true,"href":"https:\/\/www.r2cpress.com.br\/v1\/wp-json\/wp\/v2\/users\/2"}],"replies":[{"embeddable":true,"href":"https:\/\/www.r2cpress.com.br\/v1\/wp-json\/wp\/v2\/comments?post=70649"}],"version-history":[{"count":4,"href":"https:\/\/www.r2cpress.com.br\/v1\/wp-json\/wp\/v2\/posts\/70649\/revisions"}],"predecessor-version":[{"id":70654,"href":"https:\/\/www.r2cpress.com.br\/v1\/wp-json\/wp\/v2\/posts\/70649\/revisions\/70654"}],"wp:attachment":[{"href":"https:\/\/www.r2cpress.com.br\/v1\/wp-json\/wp\/v2\/media?parent=70649"}],"wp:term":[{"taxonomy":"category","embeddable":true,"href":"https:\/\/www.r2cpress.com.br\/v1\/wp-json\/wp\/v2\/categories?post=70649"},{"taxonomy":"post_tag","embeddable":true,"href":"https:\/\/www.r2cpress.com.br\/v1\/wp-json\/wp\/v2\/tags?post=70649"}],"curies":[{"name":"wp","href":"https:\/\/api.w.org\/{rel}","templated":true}]}}