{"id":70670,"date":"2013-08-23T12:40:24","date_gmt":"2013-08-23T15:40:24","guid":{"rendered":"http:\/\/www.r2cpress.com.br\/v1\/?p=70670"},"modified":"2013-08-23T12:40:24","modified_gmt":"2013-08-23T15:40:24","slug":"governo-municipal-estreita-relacoes-com-a-faculdade-de-ilheus","status":"publish","type":"post","link":"https:\/\/www.r2cpress.com.br\/v1\/2013\/08\/23\/governo-municipal-estreita-relacoes-com-a-faculdade-de-ilheus\/","title":{"rendered":"Governo Municipal estreita rela\u00e7\u00f5es com a Faculdade de Ilh\u00e9us"},"content":{"rendered":"<p><em><strong>Para o prefeito Jabes Ribeiro, a aproxima\u00e7\u00e3o com a institui\u00e7\u00e3o \u00e9 mais uma forma de desenvolver projetos importantes para ampliar a qualidade de vida da popula\u00e7\u00e3o.<\/strong><\/em><\/p>\n<div id=\"attachment_70671\" style=\"width: 610px\" class=\"wp-caption aligncenter\"><a href=\"http:\/\/www.r2cpress.com.br\/v1\/wp-content\/uploads\/Reuni\u00e3o-entre-o-Prefeito-Jabes-Ribeiro-a-secret\u00e1ria-Marlucia-Rocha-e-diretores-da-Faculdade-de-Ilh\u00e9us-Foto-Gidelzo-Silva-Secom-Ilh\u00e9us-22-08-13.jpg\"><img aria-describedby=\"caption-attachment-70671\" loading=\"lazy\" src=\"http:\/\/www.r2cpress.com.br\/v1\/wp-content\/uploads\/Reuni\u00e3o-entre-o-Prefeito-Jabes-Ribeiro-a-secret\u00e1ria-Marlucia-Rocha-e-diretores-da-Faculdade-de-Ilh\u00e9us-Foto-Gidelzo-Silva-Secom-Ilh\u00e9us-22-08-13.jpg\" alt=\"Reuni\u00e3o entre o Prefeito Jabes Ribeiro, a secret\u00e1ria Marlucia Rocha e diretores da Faculdade de Ilh\u00e9us  - Foto Gidelzo Silva Secom- Ilh\u00e9us 22-08-13.\" width=\"600\" height=\"401\" class=\"size-full wp-image-70671\" srcset=\"https:\/\/www.r2cpress.com.br\/v1\/wp-content\/uploads\/Reuni\u00e3o-entre-o-Prefeito-Jabes-Ribeiro-a-secret\u00e1ria-Marlucia-Rocha-e-diretores-da-Faculdade-de-Ilh\u00e9us-Foto-Gidelzo-Silva-Secom-Ilh\u00e9us-22-08-13.jpg 600w, https:\/\/www.r2cpress.com.br\/v1\/wp-content\/uploads\/Reuni\u00e3o-entre-o-Prefeito-Jabes-Ribeiro-a-secret\u00e1ria-Marlucia-Rocha-e-diretores-da-Faculdade-de-Ilh\u00e9us-Foto-Gidelzo-Silva-Secom-Ilh\u00e9us-22-08-13-300x200.jpg 300w\" sizes=\"(max-width: 600px) 100vw, 600px\" \/><\/a><p id=\"caption-attachment-70671\" class=\"wp-caption-text\">Reuni\u00e3o entre o Prefeito Jabes Ribeiro, a secret\u00e1ria Marlucia Rocha e diretores da Faculdade de Ilh\u00e9us  &#8211; Foto Gidelzo Silva Secom- Ilh\u00e9us 22-08-13.<\/p><\/div>\n<p>O prefeito Jabes Ribeiro e a secret\u00e1ria de Educa\u00e7\u00e3o, Marl\u00facia Rocha, reuniram-secom os diretores da Faculdade de Ilh\u00e9us, Sandra Milanesi e Almir Milanesi,para discutir a aproxima\u00e7\u00e3o entre o governo Municipal e a institui\u00e7\u00e3o. O encontro, que contou tamb\u00e9m com a participa\u00e7\u00e3o do coordenador do curso de enfermagem da institui\u00e7\u00e3o, Robson Vidal, ocorreu no final da tarde da quinta-feira, dia 22, no Pontal Praia Hotel.<\/p>\n<p>Para o prefeito, a intera\u00e7\u00e3o entre as a\u00e7\u00f5es das secretarias e os estudos acad\u00eamicos pode ampliar a qualidade dos servi\u00e7os p\u00fablicos.  \u201cEstamos dispostos a dialogar sobre tudo que puder ampliar a oferta de servi\u00e7os e a qualidade de vida \u00e0 popula\u00e7\u00e3o\u201d, destacou Jabes Ribeiro.<\/p>\n<p>Secretaria de Comunica\u00e7\u00e3o Social (Secom)<\/p>\n<p>Ilh\u00e9us \u2013 23.08.2013<\/p>\n","protected":false},"excerpt":{"rendered":"<p>Para o prefeito Jabes Ribeiro, a aproxima\u00e7\u00e3o com a institui\u00e7\u00e3o \u00e9 mais uma forma de desenvolver projetos importantes para ampliar a qualidade de vida da popula\u00e7\u00e3o. O prefeito Jabes Ribeiro e a secret\u00e1ria de Educa\u00e7\u00e3o, Marl\u00facia Rocha, reuniram-secom os diretores da Faculdade de Ilh\u00e9us, Sandra Milanesi e Almir Milanesi,para discutir a aproxima\u00e7\u00e3o entre o governo [&hellip;]<\/p>\n","protected":false},"author":2,"featured_media":0,"comment_status":"open","ping_status":"open","sticky":false,"template":"","format":"standard","meta":{"_links_to":"","_links_to_target":""},"categories":[23],"tags":[],"_links":{"self":[{"href":"https:\/\/www.r2cpress.com.br\/v1\/wp-json\/wp\/v2\/posts\/70670"}],"collection":[{"href":"https:\/\/www.r2cpress.com.br\/v1\/wp-json\/wp\/v2\/posts"}],"about":[{"href":"https:\/\/www.r2cpress.com.br\/v1\/wp-json\/wp\/v2\/types\/post"}],"author":[{"embeddable":true,"href":"https:\/\/www.r2cpress.com.br\/v1\/wp-json\/wp\/v2\/users\/2"}],"replies":[{"embeddable":true,"href":"https:\/\/www.r2cpress.com.br\/v1\/wp-json\/wp\/v2\/comments?post=70670"}],"version-history":[{"count":2,"href":"https:\/\/www.r2cpress.com.br\/v1\/wp-json\/wp\/v2\/posts\/70670\/revisions"}],"predecessor-version":[{"id":70673,"href":"https:\/\/www.r2cpress.com.br\/v1\/wp-json\/wp\/v2\/posts\/70670\/revisions\/70673"}],"wp:attachment":[{"href":"https:\/\/www.r2cpress.com.br\/v1\/wp-json\/wp\/v2\/media?parent=70670"}],"wp:term":[{"taxonomy":"category","embeddable":true,"href":"https:\/\/www.r2cpress.com.br\/v1\/wp-json\/wp\/v2\/categories?post=70670"},{"taxonomy":"post_tag","embeddable":true,"href":"https:\/\/www.r2cpress.com.br\/v1\/wp-json\/wp\/v2\/tags?post=70670"}],"curies":[{"name":"wp","href":"https:\/\/api.w.org\/{rel}","templated":true}]}}