{"id":70679,"date":"2013-08-23T20:00:42","date_gmt":"2013-08-23T23:00:42","guid":{"rendered":"http:\/\/www.r2cpress.com.br\/v1\/?p=70679"},"modified":"2013-08-23T13:36:43","modified_gmt":"2013-08-23T16:36:43","slug":"do-fundo-do-bau-de-jose-leite-126","status":"publish","type":"post","link":"https:\/\/www.r2cpress.com.br\/v1\/2013\/08\/23\/do-fundo-do-bau-de-jose-leite-126\/","title":{"rendered":"DO FUNDO DO BA\u00da DE JOS\u00c9 LEITE."},"content":{"rendered":"<p><center><img SRC = \"http:\/\/www.r2cpress.com.br\/v1\/wp-content\/uploads\/Novo-visual-do-Bau_400L.jpg\"\/><br \/>\n<strong>1)\tMAIS RESPEITO COM O PR\u00c9DIO HIST\u00d3RICO MAIS IMPORTANTE DE ILH\u00c9US.<br \/>\n2)\tH\u00c1 21 ANOS ATR\u00c1S, O ABRA\u00c7O DOS AMIGOS QUE PARTICIPARAM DA FESTA DE ENTREGA DO T\u00cdTULO DE CIDAD\u00c3O ILHEENSE A JOS\u00c9 LEITE DE SOUZA NO CLUBE SOCIAL DE ILH\u00c9US (11).<br \/>\n3)\tA FOTO DESTAQUE DA SEMANA.<\/strong><\/center><\/p>\n<p><!--more--><\/p>\n<p>***<\/p>\n<p><b><center> 1) MAIS RESPEITO COM O PR\u00c9DIO HIST\u00d3RICO MAIS IMPORTANTE DE ILH\u00c9US.<\/center><\/b><\/p>\n<div id=\"attachment_70680\" style=\"width: 310px\" class=\"wp-caption aligncenter\"><a href=\"http:\/\/www.r2cpress.com.br\/v1\/wp-content\/uploads\/Foto-129.jpg\"><img aria-describedby=\"caption-attachment-70680\" loading=\"lazy\" src=\"http:\/\/www.r2cpress.com.br\/v1\/wp-content\/uploads\/Foto-129-300x75.jpg\" alt=\"PRA\u00c7A J. J. SEABRA em destaque o PAL\u00c1CIO PARANAGU\u00c1. Como tudo era diferente em ILH\u00c9US nas d\u00e9cadas de 1910, 1920 e 1930. Foto do come\u00e7o da d\u00e9cada de 1920\" width=\"300\" height=\"75\" class=\"size-medium wp-image-70680\" srcset=\"https:\/\/www.r2cpress.com.br\/v1\/wp-content\/uploads\/Foto-129-300x75.jpg 300w, https:\/\/www.r2cpress.com.br\/v1\/wp-content\/uploads\/Foto-129.jpg 640w\" sizes=\"(max-width: 300px) 100vw, 300px\" \/><\/a><p id=\"caption-attachment-70680\" class=\"wp-caption-text\">PRA\u00c7A J. J. SEABRA em destaque o PAL\u00c1CIO PARANAGU\u00c1. Como tudo era diferente em ILH\u00c9US nas d\u00e9cadas de 1910, 1920 e 1930. Foto do come\u00e7o da d\u00e9cada de 1920<\/p><\/div>\n<p><b><center>NOS TEMPOS DOS CORON\u00c9IS.<\/center><\/b><\/p>\n<div id=\"attachment_70681\" style=\"width: 200px\" class=\"wp-caption aligncenter\"><a href=\"http:\/\/www.r2cpress.com.br\/v1\/wp-content\/uploads\/Foto-29.jpg\"><img aria-describedby=\"caption-attachment-70681\" loading=\"lazy\" src=\"http:\/\/www.r2cpress.com.br\/v1\/wp-content\/uploads\/Foto-29-190x300.jpg\" alt=\"CORONEL DOMINGOS ADAMI DE S\u00c1 governou ILH\u00c9US de 1904 \u00e0 1908, e foi quem inaugurou o PAL\u00c1CIO PARANAGU\u00c1.\" width=\"190\" height=\"300\" class=\"size-medium wp-image-70681\" srcset=\"https:\/\/www.r2cpress.com.br\/v1\/wp-content\/uploads\/Foto-29-190x300.jpg 190w, https:\/\/www.r2cpress.com.br\/v1\/wp-content\/uploads\/Foto-29.jpg 304w\" sizes=\"(max-width: 190px) 100vw, 190px\" \/><\/a><p id=\"caption-attachment-70681\" class=\"wp-caption-text\">CORONEL DOMINGOS ADAMI DE S\u00c1 governou ILH\u00c9US de 1904 \u00e0 1908, e foi quem inaugurou o PAL\u00c1CIO PARANAGU\u00c1.<\/p><\/div>\n<div id=\"attachment_70682\" style=\"width: 223px\" class=\"wp-caption aligncenter\"><a href=\"http:\/\/www.r2cpress.com.br\/v1\/wp-content\/uploads\/Foto-310.jpg\"><img aria-describedby=\"caption-attachment-70682\" loading=\"lazy\" src=\"http:\/\/www.r2cpress.com.br\/v1\/wp-content\/uploads\/Foto-310-213x300.jpg\" alt=\"O CORONEL ANTONIO PESSOA DA COSTA E SILVA governou ILH\u00c9US de 1912 \u00e0 1915.\" width=\"213\" height=\"300\" class=\"size-medium wp-image-70682\" srcset=\"https:\/\/www.r2cpress.com.br\/v1\/wp-content\/uploads\/Foto-310-213x300.jpg 213w, https:\/\/www.r2cpress.com.br\/v1\/wp-content\/uploads\/Foto-310.jpg 342w\" sizes=\"(max-width: 213px) 100vw, 213px\" \/><\/a><p id=\"caption-attachment-70682\" class=\"wp-caption-text\">O CORONEL ANTONIO PESSOA DA COSTA E SILVA governou ILH\u00c9US de 1912 \u00e0 1915.<\/p><\/div>\n<div id=\"attachment_70683\" style=\"width: 223px\" class=\"wp-caption aligncenter\"><a href=\"http:\/\/www.r2cpress.com.br\/v1\/wp-content\/uploads\/Foto-49.jpg\"><img aria-describedby=\"caption-attachment-70683\" loading=\"lazy\" src=\"http:\/\/www.r2cpress.com.br\/v1\/wp-content\/uploads\/Foto-49-213x300.jpg\" alt=\"CEL. MANOEL MISAEL DA SILVA TAVARES foi intendente de ILH\u00c9US de 1916 \u00e0 1919.\" width=\"213\" height=\"300\" class=\"size-medium wp-image-70683\" srcset=\"https:\/\/www.r2cpress.com.br\/v1\/wp-content\/uploads\/Foto-49-213x300.jpg 213w, https:\/\/www.r2cpress.com.br\/v1\/wp-content\/uploads\/Foto-49.jpg 342w\" sizes=\"(max-width: 213px) 100vw, 213px\" \/><\/a><p id=\"caption-attachment-70683\" class=\"wp-caption-text\">CEL. MANOEL MISAEL DA SILVA TAVARES foi intendente de ILH\u00c9US de 1916 \u00e0 1919.<\/p><\/div>\n<p>As vezes o fiscal da PREFEITURA falava para um desses Coron\u00e9is INTENDENTES:<\/p>\n<p>Fiscal: \u201cCEL. DOMINGOS, o filho de fulano de tal, riscou a parede do pr\u00e9dio da Prefeitura com carv\u00e3o.\u201d<\/p>\n<p>CEL. DOMINGOS ADAMI: \u201cProcure o pai desse moleque e mande ele limpar, AGORA.\u201d<\/p>\n<p>O fiscal: \u201cCEL. PESS\u00d4A, fulana de tal arrancou um p\u00e9 de rosas do jardim da pra\u00e7a da Prefeitura.\u201d<\/p>\n<p>O CEL. Respondia: \u201cProcure ela e mande-a plantar dois p\u00e9s de rosas no mesmo lugar, AGORA.\u201d<\/p>\n<p>O fiscal: \u201cCEL. MISAEL, fulano deixou cair uma caixa de papel\u00e3o no passeio da Prefeitura.\u201d<\/p>\n<p>CEL. MISAEL: \u201cProcure o cabra agora pra ele vir retirar.\u201d<\/p>\n<p>O CARA VINHA NA HORA.<\/p>\n<p>Ou tempo bom!<\/p>\n<p><b><center>OBSERVE NAS FOTOS ABAIXO CEM ANOS DEPOIS:<\/center><\/b><\/p>\n<p> <center><a href=\"http:\/\/www.r2cpress.com.br\/v1\/wp-content\/uploads\/Foto-59.jpg\"><img loading=\"lazy\" src=\"http:\/\/www.r2cpress.com.br\/v1\/wp-content\/uploads\/Foto-59-300x219.jpg\" alt=\"Foto 5\" width=\"300\" height=\"219\" class=\"aligncenter size-medium wp-image-70684\" srcset=\"https:\/\/www.r2cpress.com.br\/v1\/wp-content\/uploads\/Foto-59-300x219.jpg 300w, https:\/\/www.r2cpress.com.br\/v1\/wp-content\/uploads\/Foto-59.jpg 640w\" sizes=\"(max-width: 300px) 100vw, 300px\" \/><\/a><a href=\"http:\/\/www.r2cpress.com.br\/v1\/wp-content\/uploads\/Foto-68.jpg\"><img loading=\"lazy\" src=\"http:\/\/www.r2cpress.com.br\/v1\/wp-content\/uploads\/Foto-68-300x201.jpg\" alt=\"Foto 6\" width=\"300\" height=\"201\" class=\"aligncenter size-medium wp-image-70685\" srcset=\"https:\/\/www.r2cpress.com.br\/v1\/wp-content\/uploads\/Foto-68-300x201.jpg 300w, https:\/\/www.r2cpress.com.br\/v1\/wp-content\/uploads\/Foto-68.jpg 640w\" sizes=\"(max-width: 300px) 100vw, 300px\" \/><\/a><a href=\"http:\/\/www.r2cpress.com.br\/v1\/wp-content\/uploads\/Foto-77.jpg\"><img loading=\"lazy\" src=\"http:\/\/www.r2cpress.com.br\/v1\/wp-content\/uploads\/Foto-77-300x218.jpg\" alt=\"Foto 7\" width=\"300\" height=\"218\" class=\"aligncenter size-medium wp-image-70686\" srcset=\"https:\/\/www.r2cpress.com.br\/v1\/wp-content\/uploads\/Foto-77-300x218.jpg 300w, https:\/\/www.r2cpress.com.br\/v1\/wp-content\/uploads\/Foto-77.jpg 640w\" sizes=\"(max-width: 300px) 100vw, 300px\" \/><\/a><a href=\"http:\/\/www.r2cpress.com.br\/v1\/wp-content\/uploads\/Foto-87.jpg\"><img loading=\"lazy\" src=\"http:\/\/www.r2cpress.com.br\/v1\/wp-content\/uploads\/Foto-87-300x217.jpg\" alt=\"Foto 8\" width=\"300\" height=\"217\" class=\"aligncenter size-medium wp-image-70687\" srcset=\"https:\/\/www.r2cpress.com.br\/v1\/wp-content\/uploads\/Foto-87-300x217.jpg 300w, https:\/\/www.r2cpress.com.br\/v1\/wp-content\/uploads\/Foto-87.jpg 640w\" sizes=\"(max-width: 300px) 100vw, 300px\" \/><\/a><\/center><\/p>\n<p><center><b><i>FA\u00c7AM SUAS MANIFESTA\u00c7\u00d5ES, MAS RESPEITEM UM PATRIM\u00d4NIO P\u00daBLICO QUE PERTENCE A TODOS N\u00d3S.<\/p>\n<p>FA\u00c7AM SUAS PARALIZA\u00c7\u00d5ES, MAS RESPEITEM O DIREITO DE IR E VIR DOS CIDAD\u00d5ES N\u00c3O PREJUDICANDO MAIS AINDA O COM\u00c9RCIO DE ILH\u00c9US.<\/p>\n<p>POR ONDE ANDA O RESPEITO AS AUTORIDADES?<\/p>\n<p>A QUEM APELAR?<\/i><\/b><\/p>\n<p>*** <\/center><\/p>\n<p><b><center> 2) H\u00c1 21 ANOS ATR\u00c1S, OS ABRA\u00c7OS DOS AMIGOS QUE PARTICIPARAM DA FESTA DE ENTREGA DO T\u00cdTULO DE CIDAD\u00c3O ILHEENSE A JOS\u00c9 LEITE DE SOUZA NO CLUBE SOCIAL DE ILH\u00c9US (11).<\/center><\/b><\/p>\n<div id=\"attachment_70688\" style=\"width: 306px\" class=\"wp-caption aligncenter\"><a href=\"http:\/\/www.r2cpress.com.br\/v1\/wp-content\/uploads\/Foto-96.jpg\"><img aria-describedby=\"caption-attachment-70688\" loading=\"lazy\" src=\"http:\/\/www.r2cpress.com.br\/v1\/wp-content\/uploads\/Foto-96-296x300.jpg\" alt=\"O abra\u00e7o do amigo e irm\u00e3o ma\u00e7om WILSOM FRAGA NEVES.\" width=\"296\" height=\"300\" class=\"size-medium wp-image-70688\" srcset=\"https:\/\/www.r2cpress.com.br\/v1\/wp-content\/uploads\/Foto-96-296x300.jpg 296w, https:\/\/www.r2cpress.com.br\/v1\/wp-content\/uploads\/Foto-96.jpg 475w\" sizes=\"(max-width: 296px) 100vw, 296px\" \/><\/a><p id=\"caption-attachment-70688\" class=\"wp-caption-text\">O abra\u00e7o do amigo e irm\u00e3o ma\u00e7om WILSOM FRAGA NEVES.<\/p><\/div>\n<div id=\"attachment_70689\" style=\"width: 310px\" class=\"wp-caption aligncenter\"><a href=\"http:\/\/www.r2cpress.com.br\/v1\/wp-content\/uploads\/Foto-108.jpg\"><img aria-describedby=\"caption-attachment-70689\" loading=\"lazy\" src=\"http:\/\/www.r2cpress.com.br\/v1\/wp-content\/uploads\/Foto-108-300x201.jpg\" alt=\"O abra\u00e7o do amigo FRED LACERDA.\" width=\"300\" height=\"201\" class=\"size-medium wp-image-70689\" srcset=\"https:\/\/www.r2cpress.com.br\/v1\/wp-content\/uploads\/Foto-108-300x201.jpg 300w, https:\/\/www.r2cpress.com.br\/v1\/wp-content\/uploads\/Foto-108.jpg 640w\" sizes=\"(max-width: 300px) 100vw, 300px\" \/><\/a><p id=\"caption-attachment-70689\" class=\"wp-caption-text\">O abra\u00e7o do amigo FRED LACERDA.<\/p><\/div>\n<div id=\"attachment_70690\" style=\"width: 310px\" class=\"wp-caption aligncenter\"><a href=\"http:\/\/www.r2cpress.com.br\/v1\/wp-content\/uploads\/Foto-1111.jpg\"><img aria-describedby=\"caption-attachment-70690\" loading=\"lazy\" src=\"http:\/\/www.r2cpress.com.br\/v1\/wp-content\/uploads\/Foto-1111-300x200.jpg\" alt=\"O abra\u00e7o do amigo GET\u00daLIO CARVALHO.\" width=\"300\" height=\"200\" class=\"size-medium wp-image-70690\" srcset=\"https:\/\/www.r2cpress.com.br\/v1\/wp-content\/uploads\/Foto-1111-300x200.jpg 300w, https:\/\/www.r2cpress.com.br\/v1\/wp-content\/uploads\/Foto-1111.jpg 640w\" sizes=\"(max-width: 300px) 100vw, 300px\" \/><\/a><p id=\"caption-attachment-70690\" class=\"wp-caption-text\">O abra\u00e7o do amigo GET\u00daLIO CARVALHO.<\/p><\/div>\n<div id=\"attachment_70691\" style=\"width: 310px\" class=\"wp-caption aligncenter\"><a href=\"http:\/\/www.r2cpress.com.br\/v1\/wp-content\/uploads\/Foto-1210.jpg\"><img aria-describedby=\"caption-attachment-70691\" loading=\"lazy\" src=\"http:\/\/www.r2cpress.com.br\/v1\/wp-content\/uploads\/Foto-1210-300x208.jpg\" alt=\"O abra\u00e7o da amiga MARGARIDA BERTULINO LEITE.\" width=\"300\" height=\"208\" class=\"size-medium wp-image-70691\" srcset=\"https:\/\/www.r2cpress.com.br\/v1\/wp-content\/uploads\/Foto-1210-300x208.jpg 300w, https:\/\/www.r2cpress.com.br\/v1\/wp-content\/uploads\/Foto-1210.jpg 640w\" sizes=\"(max-width: 300px) 100vw, 300px\" \/><\/a><p id=\"caption-attachment-70691\" class=\"wp-caption-text\">O abra\u00e7o da amiga MARGARIDA BERTULINO LEITE.<\/p><\/div>\n<div id=\"attachment_70692\" style=\"width: 310px\" class=\"wp-caption aligncenter\"><a href=\"http:\/\/www.r2cpress.com.br\/v1\/wp-content\/uploads\/Foto-138.jpg\"><img aria-describedby=\"caption-attachment-70692\" loading=\"lazy\" src=\"http:\/\/www.r2cpress.com.br\/v1\/wp-content\/uploads\/Foto-138-300x250.jpg\" alt=\"O abra\u00e7o do amigo AUGUSTO LEITE DE ARA\u00daJO, atualmente Presidente do Sindicato dos Arrumadores.\" width=\"300\" height=\"250\" class=\"size-medium wp-image-70692\" srcset=\"https:\/\/www.r2cpress.com.br\/v1\/wp-content\/uploads\/Foto-138-300x250.jpg 300w, https:\/\/www.r2cpress.com.br\/v1\/wp-content\/uploads\/Foto-138.jpg 576w\" sizes=\"(max-width: 300px) 100vw, 300px\" \/><\/a><p id=\"caption-attachment-70692\" class=\"wp-caption-text\">O abra\u00e7o do amigo AUGUSTO LEITE DE ARA\u00daJO, atualmente Presidente do Sindicato dos Arrumadores.<\/p><\/div>\n<div id=\"attachment_70693\" style=\"width: 310px\" class=\"wp-caption aligncenter\"><a href=\"http:\/\/www.r2cpress.com.br\/v1\/wp-content\/uploads\/Foto-147.jpg\"><img aria-describedby=\"caption-attachment-70693\" loading=\"lazy\" src=\"http:\/\/www.r2cpress.com.br\/v1\/wp-content\/uploads\/Foto-147-300x200.jpg\" alt=\"O abra\u00e7o da amiga HILNETE (NETE).\" width=\"300\" height=\"200\" class=\"size-medium wp-image-70693\" srcset=\"https:\/\/www.r2cpress.com.br\/v1\/wp-content\/uploads\/Foto-147-300x200.jpg 300w, https:\/\/www.r2cpress.com.br\/v1\/wp-content\/uploads\/Foto-147.jpg 640w\" sizes=\"(max-width: 300px) 100vw, 300px\" \/><\/a><p id=\"caption-attachment-70693\" class=\"wp-caption-text\">O abra\u00e7o da amiga HILNETE (NETE).<\/p><\/div>\n<p><b><center> 3) A FOTO DESTAQUE DA SEMANA.<\/center><\/b><\/p>\n<div id=\"attachment_70694\" style=\"width: 310px\" class=\"wp-caption aligncenter\"><a href=\"http:\/\/www.r2cpress.com.br\/v1\/wp-content\/uploads\/Foto-156.jpg\"><img aria-describedby=\"caption-attachment-70694\" loading=\"lazy\" src=\"http:\/\/www.r2cpress.com.br\/v1\/wp-content\/uploads\/Foto-156-300x212.jpg\" alt=\"Quem passou o final de semana em ILH\u00c9US matando a saudade e revendo os amigos foi o ilheense GENERAL LUIZ MOURA BARRETO, que aparece no centro da foto ao lado dos amigos CEL. JAMIL RODRIGUES e o advogado GUILHERME PEREIRA. Foto clicada por JOS\u00c9 LEITE na reuni\u00e3o dos RM (Rola M.....). 17\/08\/2013.\" width=\"300\" height=\"212\" class=\"size-medium wp-image-70694\" srcset=\"https:\/\/www.r2cpress.com.br\/v1\/wp-content\/uploads\/Foto-156-300x212.jpg 300w, https:\/\/www.r2cpress.com.br\/v1\/wp-content\/uploads\/Foto-156.jpg 640w\" sizes=\"(max-width: 300px) 100vw, 300px\" \/><\/a><p id=\"caption-attachment-70694\" class=\"wp-caption-text\">Quem passou o final de semana em ILH\u00c9US matando a saudade e revendo os amigos foi o ilheense GENERAL LUIZ MOURA BARRETO, que aparece no centro da foto ao lado dos amigos CEL. JAMIL RODRIGUES e o advogado GUILHERME PEREIRA. Foto clicada por JOS\u00c9 LEITE na reuni\u00e3o dos RM (Rola M&#8230;..). 17\/08\/2013.<\/p><\/div>\n<p><b><center>E NO MAIS&#8230;<\/center><\/b><\/p>\n<div id=\"attachment_70695\" style=\"width: 310px\" class=\"wp-caption aligncenter\"><a href=\"http:\/\/www.r2cpress.com.br\/v1\/wp-content\/uploads\/Foto-162.jpg\"><img aria-describedby=\"caption-attachment-70695\" loading=\"lazy\" src=\"http:\/\/www.r2cpress.com.br\/v1\/wp-content\/uploads\/Foto-162-300x95.jpg\" alt=\"A ESPERAN\u00c7A \u00c9 A \u00daLTIMA QUE MORRE.\" width=\"300\" height=\"95\" class=\"size-medium wp-image-70695\" srcset=\"https:\/\/www.r2cpress.com.br\/v1\/wp-content\/uploads\/Foto-162-300x95.jpg 300w, https:\/\/www.r2cpress.com.br\/v1\/wp-content\/uploads\/Foto-162.jpg 640w\" sizes=\"(max-width: 300px) 100vw, 300px\" \/><\/a><p id=\"caption-attachment-70695\" class=\"wp-caption-text\">A ESPERAN\u00c7A \u00c9 A \u00daLTIMA QUE MORRE.<\/p><\/div>\n<p>&#8212;<br \/>\nJos\u00e9 Leite de Souza.<br \/>\nTel.: (73) 3634-3134<br \/>\nE-mail: jleitesouza@hotmail.com<\/p>\n","protected":false},"excerpt":{"rendered":"<p>1) MAIS RESPEITO COM O PR\u00c9DIO HIST\u00d3RICO MAIS IMPORTANTE DE ILH\u00c9US. 2) H\u00c1 21 ANOS ATR\u00c1S, O ABRA\u00c7O DOS AMIGOS QUE PARTICIPARAM DA FESTA DE ENTREGA DO T\u00cdTULO DE CIDAD\u00c3O ILHEENSE A JOS\u00c9 LEITE DE SOUZA NO CLUBE SOCIAL DE ILH\u00c9US (11). 3) A FOTO DESTAQUE DA SEMANA.<\/p>\n","protected":false},"author":2,"featured_media":0,"comment_status":"open","ping_status":"open","sticky":false,"template":"","format":"standard","meta":{"_links_to":"","_links_to_target":""},"categories":[10],"tags":[],"_links":{"self":[{"href":"https:\/\/www.r2cpress.com.br\/v1\/wp-json\/wp\/v2\/posts\/70679"}],"collection":[{"href":"https:\/\/www.r2cpress.com.br\/v1\/wp-json\/wp\/v2\/posts"}],"about":[{"href":"https:\/\/www.r2cpress.com.br\/v1\/wp-json\/wp\/v2\/types\/post"}],"author":[{"embeddable":true,"href":"https:\/\/www.r2cpress.com.br\/v1\/wp-json\/wp\/v2\/users\/2"}],"replies":[{"embeddable":true,"href":"https:\/\/www.r2cpress.com.br\/v1\/wp-json\/wp\/v2\/comments?post=70679"}],"version-history":[{"count":4,"href":"https:\/\/www.r2cpress.com.br\/v1\/wp-json\/wp\/v2\/posts\/70679\/revisions"}],"predecessor-version":[{"id":70699,"href":"https:\/\/www.r2cpress.com.br\/v1\/wp-json\/wp\/v2\/posts\/70679\/revisions\/70699"}],"wp:attachment":[{"href":"https:\/\/www.r2cpress.com.br\/v1\/wp-json\/wp\/v2\/media?parent=70679"}],"wp:term":[{"taxonomy":"category","embeddable":true,"href":"https:\/\/www.r2cpress.com.br\/v1\/wp-json\/wp\/v2\/categories?post=70679"},{"taxonomy":"post_tag","embeddable":true,"href":"https:\/\/www.r2cpress.com.br\/v1\/wp-json\/wp\/v2\/tags?post=70679"}],"curies":[{"name":"wp","href":"https:\/\/api.w.org\/{rel}","templated":true}]}}