{"id":70702,"date":"2013-08-23T17:08:38","date_gmt":"2013-08-23T20:08:38","guid":{"rendered":"http:\/\/www.r2cpress.com.br\/v1\/?p=70702"},"modified":"2013-08-23T17:08:38","modified_gmt":"2013-08-23T20:08:38","slug":"ilheus-vacinacao-para-menores-de-cinco-anos-comeca-neste-sabado","status":"publish","type":"post","link":"https:\/\/www.r2cpress.com.br\/v1\/2013\/08\/23\/ilheus-vacinacao-para-menores-de-cinco-anos-comeca-neste-sabado\/","title":{"rendered":"ILH\u00c9US \/ Vacina\u00e7\u00e3o para menores de cinco anos come\u00e7a neste s\u00e1bado"},"content":{"rendered":"<p><em><strong>A a\u00e7\u00e3o integra a Campanha Nacional de Vacina\u00e7\u00e3o queser\u00e1 aberta neste s\u00e1bado em todo o Brasil e ocorrer at\u00e9 a sexta-feira, dia 30.<\/strong><\/em><\/p>\n<p>As crian\u00e7as menores de cinco anos dever\u00e3o ser vacinadas no per\u00edodo de 24 a 30 deste m\u00eas de agosto contra at\u00e9 dez tipos de doen\u00e7a mencionados na caderneta de sa\u00fade. A\u00e7\u00e3o integra a Campanha Nacional de Vacina\u00e7\u00e3o, que ser\u00e1 aberta em todo o pa\u00eds neste s\u00e1bado, considerado o Dia D da vacina\u00e7\u00e3o. O trabalho continuar\u00e1 durante a semana, nas unidades municipais de sa\u00fade, no hor\u00e1rio normal de atendimento, das 8 \u00e0s 17 horas.<\/p>\n<p>A supervisora de imuniza\u00e7\u00e3o da Secretaria Municipal de Sa\u00fade (Sesau), Walk\u00edria Cardeal, informa que, em Ilh\u00e9us, o Dia D acontecer\u00e1 nos seguintes postos: Cae III (antigo Sesp), Policl\u00ednica da Conquista, Sarah, Iguape, PSF do Teot\u00f4nio Vilela, Hernani S\u00e1, Nossa Senhora da Vit\u00f3ria, Salobrinho e Nelson Costa.<\/p>\n<p>&#8212;<br \/>\nSecretaria de Comunica\u00e7\u00e3o Social (Secom)<br \/>\nIlh\u00e9us \u2013 23.08.2013<\/p>\n","protected":false},"excerpt":{"rendered":"<p>A a\u00e7\u00e3o integra a Campanha Nacional de Vacina\u00e7\u00e3o queser\u00e1 aberta neste s\u00e1bado em todo o Brasil e ocorrer at\u00e9 a sexta-feira, dia 30. As crian\u00e7as menores de cinco anos dever\u00e3o ser vacinadas no per\u00edodo de 24 a 30 deste m\u00eas de agosto contra at\u00e9 dez tipos de doen\u00e7a mencionados na caderneta de sa\u00fade. A\u00e7\u00e3o integra [&hellip;]<\/p>\n","protected":false},"author":2,"featured_media":0,"comment_status":"open","ping_status":"open","sticky":false,"template":"","format":"standard","meta":{"_links_to":"","_links_to_target":""},"categories":[23],"tags":[],"_links":{"self":[{"href":"https:\/\/www.r2cpress.com.br\/v1\/wp-json\/wp\/v2\/posts\/70702"}],"collection":[{"href":"https:\/\/www.r2cpress.com.br\/v1\/wp-json\/wp\/v2\/posts"}],"about":[{"href":"https:\/\/www.r2cpress.com.br\/v1\/wp-json\/wp\/v2\/types\/post"}],"author":[{"embeddable":true,"href":"https:\/\/www.r2cpress.com.br\/v1\/wp-json\/wp\/v2\/users\/2"}],"replies":[{"embeddable":true,"href":"https:\/\/www.r2cpress.com.br\/v1\/wp-json\/wp\/v2\/comments?post=70702"}],"version-history":[{"count":2,"href":"https:\/\/www.r2cpress.com.br\/v1\/wp-json\/wp\/v2\/posts\/70702\/revisions"}],"predecessor-version":[{"id":70704,"href":"https:\/\/www.r2cpress.com.br\/v1\/wp-json\/wp\/v2\/posts\/70702\/revisions\/70704"}],"wp:attachment":[{"href":"https:\/\/www.r2cpress.com.br\/v1\/wp-json\/wp\/v2\/media?parent=70702"}],"wp:term":[{"taxonomy":"category","embeddable":true,"href":"https:\/\/www.r2cpress.com.br\/v1\/wp-json\/wp\/v2\/categories?post=70702"},{"taxonomy":"post_tag","embeddable":true,"href":"https:\/\/www.r2cpress.com.br\/v1\/wp-json\/wp\/v2\/tags?post=70702"}],"curies":[{"name":"wp","href":"https:\/\/api.w.org\/{rel}","templated":true}]}}