{"id":70705,"date":"2013-08-23T17:20:06","date_gmt":"2013-08-23T20:20:06","guid":{"rendered":"http:\/\/www.r2cpress.com.br\/v1\/?p=70705"},"modified":"2013-08-23T17:20:06","modified_gmt":"2013-08-23T20:20:06","slug":"68a-cipm-realiza-prisao-de-menor-acusado-de-roubo-com-arma-de-plastico","status":"publish","type":"post","link":"https:\/\/www.r2cpress.com.br\/v1\/2013\/08\/23\/68a-cipm-realiza-prisao-de-menor-acusado-de-roubo-com-arma-de-plastico\/","title":{"rendered":"68\u00aa CIPM REALIZA PRIS\u00c3O DE MENOR ACUSADO DE ROUBO COM ARMA DE PL\u00c1STICO"},"content":{"rendered":"<p align=\"center\"><b>POL\u00cdCIA MILITAR DA BAHIA \u00a0 <\/b><\/p>\n<p align=\"center\"><b>COMANDO DE POLICIAMENTO REGIONAL SUL<\/b><\/p>\n<p align=\"center\"><b>68\u00aa COMPANHIA DE POL\u00cdCIA MILITAR<\/b><\/p>\n<p align=\"center\"><b>\u00a068\u00aa CIPM REALIZA PRIS\u00c3O DE MENOR ACUSADO DE ROUBO COM ARMA DE PL\u00c1STICO<\/b><\/p>\n<p><b>\u00a0<\/b>No dia 22\/08\/2013, por volta das 18h50min, ap\u00f3s den\u00fancia an\u00f4nima, a guarni\u00e7\u00e3o da vtr PETO 6810, deslocou at\u00e9 o Alto da Piedade\/Centro, onde prendeu em flagrante o menor de iniciais M. W. S. S. O menor \u00e9 acusado da pr\u00e1tica de roubo a estudantes daquela localidade, sendo com ele apreendido uma pistola de pl\u00e1stico com forte apar\u00eancia de uma verdadeira, al\u00e9m de 02 celulares de marcas LG e BLU. O menor foi detido e encaminhado para a 7\u00aa COORPIN, acompanhado de sua genitora, para provid\u00eancias processuais.<\/p>\n<div id=\"attachment_70706\" style=\"width: 510px\" class=\"wp-caption aligncenter\"><a href=\"http:\/\/www.r2cpress.com.br\/v1\/wp-content\/uploads\/PISTOLA-BRINQUEDO-MENOR-68-CIPM.jpg\"><img aria-describedby=\"caption-attachment-70706\" loading=\"lazy\" class=\"size-full wp-image-70706\" alt=\"68\u00aa CIPM\" src=\"http:\/\/www.r2cpress.com.br\/v1\/wp-content\/uploads\/PISTOLA-BRINQUEDO-MENOR-68-CIPM.jpg\" width=\"500\" height=\"376\" srcset=\"https:\/\/www.r2cpress.com.br\/v1\/wp-content\/uploads\/PISTOLA-BRINQUEDO-MENOR-68-CIPM.jpg 500w, https:\/\/www.r2cpress.com.br\/v1\/wp-content\/uploads\/PISTOLA-BRINQUEDO-MENOR-68-CIPM-300x225.jpg 300w\" sizes=\"(max-width: 500px) 100vw, 500px\" \/><\/a><p id=\"caption-attachment-70706\" class=\"wp-caption-text\">68\u00aa CIPM<\/p><\/div>\n<p>As den\u00fancias tamb\u00e9m podem ser feitas pelo e-mail: <a href=\"mailto:denuncia68pm@hotmail.com\"><b>denuncia68pm@hotmail.com<\/b><\/a><\/p>\n<p>&nbsp;<\/p>\n<p>&nbsp;<\/p>\n","protected":false},"excerpt":{"rendered":"<p>POL\u00cdCIA MILITAR DA BAHIA \u00a0 COMANDO DE POLICIAMENTO REGIONAL SUL 68\u00aa COMPANHIA DE POL\u00cdCIA MILITAR \u00a068\u00aa CIPM REALIZA PRIS\u00c3O DE MENOR ACUSADO DE ROUBO COM ARMA DE PL\u00c1STICO \u00a0No dia 22\/08\/2013, por volta das 18h50min, ap\u00f3s den\u00fancia an\u00f4nima, a guarni\u00e7\u00e3o da vtr PETO 6810, deslocou at\u00e9 o Alto da Piedade\/Centro, onde prendeu em flagrante o [&hellip;]<\/p>\n","protected":false},"author":2,"featured_media":0,"comment_status":"open","ping_status":"open","sticky":false,"template":"","format":"standard","meta":{"_links_to":"","_links_to_target":""},"categories":[25],"tags":[],"_links":{"self":[{"href":"https:\/\/www.r2cpress.com.br\/v1\/wp-json\/wp\/v2\/posts\/70705"}],"collection":[{"href":"https:\/\/www.r2cpress.com.br\/v1\/wp-json\/wp\/v2\/posts"}],"about":[{"href":"https:\/\/www.r2cpress.com.br\/v1\/wp-json\/wp\/v2\/types\/post"}],"author":[{"embeddable":true,"href":"https:\/\/www.r2cpress.com.br\/v1\/wp-json\/wp\/v2\/users\/2"}],"replies":[{"embeddable":true,"href":"https:\/\/www.r2cpress.com.br\/v1\/wp-json\/wp\/v2\/comments?post=70705"}],"version-history":[{"count":2,"href":"https:\/\/www.r2cpress.com.br\/v1\/wp-json\/wp\/v2\/posts\/70705\/revisions"}],"predecessor-version":[{"id":70708,"href":"https:\/\/www.r2cpress.com.br\/v1\/wp-json\/wp\/v2\/posts\/70705\/revisions\/70708"}],"wp:attachment":[{"href":"https:\/\/www.r2cpress.com.br\/v1\/wp-json\/wp\/v2\/media?parent=70705"}],"wp:term":[{"taxonomy":"category","embeddable":true,"href":"https:\/\/www.r2cpress.com.br\/v1\/wp-json\/wp\/v2\/categories?post=70705"},{"taxonomy":"post_tag","embeddable":true,"href":"https:\/\/www.r2cpress.com.br\/v1\/wp-json\/wp\/v2\/tags?post=70705"}],"curies":[{"name":"wp","href":"https:\/\/api.w.org\/{rel}","templated":true}]}}