{"id":70709,"date":"2013-08-23T17:22:17","date_gmt":"2013-08-23T20:22:17","guid":{"rendered":"http:\/\/www.r2cpress.com.br\/v1\/?p=70709"},"modified":"2013-08-23T17:22:17","modified_gmt":"2013-08-23T20:22:17","slug":"operacao-tapa-buracos-tem-inicio-pela-avenida-soares-lopes","status":"publish","type":"post","link":"https:\/\/www.r2cpress.com.br\/v1\/2013\/08\/23\/operacao-tapa-buracos-tem-inicio-pela-avenida-soares-lopes\/","title":{"rendered":"Opera\u00e7\u00e3o Tapa-Buracos tem in\u00edcio pela Avenida Soares Lopes"},"content":{"rendered":"<p><em><strong>Segundo o cronograma da Sedur, o trabalho prosseguir\u00e1 pelas avenidas centrais da cidade, e por aquelas de maior fluxo de ve\u00edculos como a Lomanto Junior, 13 de Maio, Princesa Isabel, as avenidas Esperan\u00e7a, Itabuna e Canavieiras e o acesso Barra-Savoia.<\/strong><\/em><\/p>\n<div id=\"attachment_70710\" style=\"width: 610px\" class=\"wp-caption aligncenter\"><a href=\"http:\/\/www.r2cpress.com.br\/v1\/wp-content\/uploads\/Opera\u00e7\u00e3o-Tapa-Buracos-Centro-Foto-Alfredo-Filho-Secom-Ilh\u00e9us-2.jpg\"><img aria-describedby=\"caption-attachment-70710\" loading=\"lazy\" src=\"http:\/\/www.r2cpress.com.br\/v1\/wp-content\/uploads\/Opera\u00e7\u00e3o-Tapa-Buracos-Centro-Foto-Alfredo-Filho-Secom-Ilh\u00e9us-2.jpg\" alt=\"Opera\u00e7\u00e3o Tapa Buracos - Centro - Foto Alfredo Filho Secom Ilh\u00e9us.\" width=\"600\" height=\"406\" class=\"size-full wp-image-70710\" srcset=\"https:\/\/www.r2cpress.com.br\/v1\/wp-content\/uploads\/Opera\u00e7\u00e3o-Tapa-Buracos-Centro-Foto-Alfredo-Filho-Secom-Ilh\u00e9us-2.jpg 600w, https:\/\/www.r2cpress.com.br\/v1\/wp-content\/uploads\/Opera\u00e7\u00e3o-Tapa-Buracos-Centro-Foto-Alfredo-Filho-Secom-Ilh\u00e9us-2-300x203.jpg 300w\" sizes=\"(max-width: 600px) 100vw, 600px\" \/><\/a><p id=\"caption-attachment-70710\" class=\"wp-caption-text\">Opera\u00e7\u00e3o Tapa Buracos &#8211; Centro &#8211; Foto Alfredo Filho Secom Ilh\u00e9us.<\/p><\/div>\n<p>A Prefeitura de Ilh\u00e9us, atrav\u00e9s da Secretaria Municipal de Desenvolvimento Urbano (Sedur), iniciou nesta sexta-feira, dia 23, a Opera\u00e7\u00e3o Tapa-Buracosque ir\u00e1 ocorrer nas principais vias e avenidas da cidade.  A primeira via contemplada foi a Soares Lopes, avenida central, de grande fluxo de ve\u00edculos, e um importante canal de liga\u00e7\u00e3o entre as zonas norte e sul de Ilh\u00e9us. <\/p>\n<p>Segundo o cronograma da Sedur, o trabalho prosseguir\u00e1 pelas avenidas centrais da cidade, e por aquelas de maior fluxo de ve\u00edculos como a Lomanto Junior, 13 de Maio, Princesa Isabel, as avenidas Esperan\u00e7a, Itabuna e Canavieiras e o acesso Barra-Savoia. \u201cA equipe operacional est\u00e1 atuando de forma coordenada priorizando os pontos mais cr\u00edticos da cidade. A ideia \u00e9 que fa\u00e7amos um trabalho di\u00e1rio, considerando as condi\u00e7\u00f5es clim\u00e1ticas, porque n\u00e3o se pode fazer a recupera\u00e7\u00e3o das vias nos dias chuvosos\u201d, observa o titular da Sedur, Isaac Albagli.<\/p>\n<p>A a\u00e7\u00e3o est\u00e1 sendo executada pela empresa Mazza Engenharia LTDA, vencedora da licita\u00e7\u00e3o. Os recursos da ordem de R$ 575.758,42 foram captados atrav\u00e9s de conv\u00eanio celebrado entre a Prefeitura Municipal e o Governo do Estado, por meio da Companhia de Desenvolvimento Urbano do Estado da Bahia (Conder). <\/p>\n<p>&#8212;<br \/>\nSecretaria de Comunica\u00e7\u00e3o Social (Secom)<br \/>\nIlh\u00e9us \u2013 23.08.2013<\/p>\n","protected":false},"excerpt":{"rendered":"<p>Segundo o cronograma da Sedur, o trabalho prosseguir\u00e1 pelas avenidas centrais da cidade, e por aquelas de maior fluxo de ve\u00edculos como a Lomanto Junior, 13 de Maio, Princesa Isabel, as avenidas Esperan\u00e7a, Itabuna e Canavieiras e o acesso Barra-Savoia. A Prefeitura de Ilh\u00e9us, atrav\u00e9s da Secretaria Municipal de Desenvolvimento Urbano (Sedur), iniciou nesta sexta-feira, [&hellip;]<\/p>\n","protected":false},"author":2,"featured_media":0,"comment_status":"open","ping_status":"open","sticky":false,"template":"","format":"standard","meta":{"_links_to":"","_links_to_target":""},"categories":[23],"tags":[],"_links":{"self":[{"href":"https:\/\/www.r2cpress.com.br\/v1\/wp-json\/wp\/v2\/posts\/70709"}],"collection":[{"href":"https:\/\/www.r2cpress.com.br\/v1\/wp-json\/wp\/v2\/posts"}],"about":[{"href":"https:\/\/www.r2cpress.com.br\/v1\/wp-json\/wp\/v2\/types\/post"}],"author":[{"embeddable":true,"href":"https:\/\/www.r2cpress.com.br\/v1\/wp-json\/wp\/v2\/users\/2"}],"replies":[{"embeddable":true,"href":"https:\/\/www.r2cpress.com.br\/v1\/wp-json\/wp\/v2\/comments?post=70709"}],"version-history":[{"count":2,"href":"https:\/\/www.r2cpress.com.br\/v1\/wp-json\/wp\/v2\/posts\/70709\/revisions"}],"predecessor-version":[{"id":70712,"href":"https:\/\/www.r2cpress.com.br\/v1\/wp-json\/wp\/v2\/posts\/70709\/revisions\/70712"}],"wp:attachment":[{"href":"https:\/\/www.r2cpress.com.br\/v1\/wp-json\/wp\/v2\/media?parent=70709"}],"wp:term":[{"taxonomy":"category","embeddable":true,"href":"https:\/\/www.r2cpress.com.br\/v1\/wp-json\/wp\/v2\/categories?post=70709"},{"taxonomy":"post_tag","embeddable":true,"href":"https:\/\/www.r2cpress.com.br\/v1\/wp-json\/wp\/v2\/tags?post=70709"}],"curies":[{"name":"wp","href":"https:\/\/api.w.org\/{rel}","templated":true}]}}