{"id":70713,"date":"2013-08-23T17:38:27","date_gmt":"2013-08-23T20:38:27","guid":{"rendered":"http:\/\/www.r2cpress.com.br\/v1\/?p=70713"},"modified":"2013-08-23T17:38:27","modified_gmt":"2013-08-23T20:38:27","slug":"prefeito-participa-de-solenidade-em-homenagem-ao-dia-do-soldado","status":"publish","type":"post","link":"https:\/\/www.r2cpress.com.br\/v1\/2013\/08\/23\/prefeito-participa-de-solenidade-em-homenagem-ao-dia-do-soldado\/","title":{"rendered":"Prefeito participa de solenidade em homenagem ao dia do Soldado"},"content":{"rendered":"<p><em><strong>O ato c\u00edvico ocorreu nesta sexta-feira, dia 23, como parte da programa\u00e7\u00e3o da 18\u00aa Circunscri\u00e7\u00e3o de Servi\u00e7o Militar, em Ilh\u00e9us em comemora\u00e7\u00e3o ao dia do Soldado.<\/strong><\/em><\/p>\n<div id=\"attachment_70714\" style=\"width: 610px\" class=\"wp-caption aligncenter\"><a href=\"http:\/\/www.r2cpress.com.br\/v1\/wp-content\/uploads\/Homenagem-ao-Dia-do-Soldado-foto-Gidelzo-Silva-Secom-Ilh\u00e9us-23-08-13.jpg\"><img aria-describedby=\"caption-attachment-70714\" loading=\"lazy\" src=\"http:\/\/www.r2cpress.com.br\/v1\/wp-content\/uploads\/Homenagem-ao-Dia-do-Soldado-foto-Gidelzo-Silva-Secom-Ilh\u00e9us-23-08-13.jpg\" alt=\"Homenagem ao Dia do Soldado foto Gidelzo Silva Secom-Ilh\u00e9us 23-08-13.\" width=\"600\" height=\"355\" class=\"size-full wp-image-70714\" srcset=\"https:\/\/www.r2cpress.com.br\/v1\/wp-content\/uploads\/Homenagem-ao-Dia-do-Soldado-foto-Gidelzo-Silva-Secom-Ilh\u00e9us-23-08-13.jpg 600w, https:\/\/www.r2cpress.com.br\/v1\/wp-content\/uploads\/Homenagem-ao-Dia-do-Soldado-foto-Gidelzo-Silva-Secom-Ilh\u00e9us-23-08-13-300x177.jpg 300w\" sizes=\"(max-width: 600px) 100vw, 600px\" \/><\/a><p id=\"caption-attachment-70714\" class=\"wp-caption-text\">Homenagem ao Dia do Soldado foto Gidelzo Silva Secom-Ilh\u00e9us 23-08-13.<\/p><\/div>\n<p>O prefeito de Ilh\u00e9us, Jabes Ribeiro, participou nesta sexta-feira, dia 23, do ato solene da 18\u00aa Circunscri\u00e7\u00e3o de Servi\u00e7o Militar em comemora\u00e7\u00e3o ao dia do Soldado, celebrado na pr\u00f3xima segunda-feira, dia 26. A solenidade oficial, que contou com a presen\u00e7a do Coronel Ant\u00f4nio Alberto Ferreira Borges da 18\u00aa CSM e do vereador Josevaldo Machado (PC do B), fez parte da programa\u00e7\u00e3o da circunscri\u00e7\u00e3o em celebra\u00e7\u00e3o \u00e0 data, desenvolvida durante toda a semana. <\/p>\n","protected":false},"excerpt":{"rendered":"<p>O ato c\u00edvico ocorreu nesta sexta-feira, dia 23, como parte da programa\u00e7\u00e3o da 18\u00aa Circunscri\u00e7\u00e3o de Servi\u00e7o Militar, em Ilh\u00e9us em comemora\u00e7\u00e3o ao dia do Soldado. O prefeito de Ilh\u00e9us, Jabes Ribeiro, participou nesta sexta-feira, dia 23, do ato solene da 18\u00aa Circunscri\u00e7\u00e3o de Servi\u00e7o Militar em comemora\u00e7\u00e3o ao dia do Soldado, celebrado na pr\u00f3xima [&hellip;]<\/p>\n","protected":false},"author":2,"featured_media":0,"comment_status":"open","ping_status":"open","sticky":false,"template":"","format":"standard","meta":{"_links_to":"","_links_to_target":""},"categories":[23],"tags":[],"_links":{"self":[{"href":"https:\/\/www.r2cpress.com.br\/v1\/wp-json\/wp\/v2\/posts\/70713"}],"collection":[{"href":"https:\/\/www.r2cpress.com.br\/v1\/wp-json\/wp\/v2\/posts"}],"about":[{"href":"https:\/\/www.r2cpress.com.br\/v1\/wp-json\/wp\/v2\/types\/post"}],"author":[{"embeddable":true,"href":"https:\/\/www.r2cpress.com.br\/v1\/wp-json\/wp\/v2\/users\/2"}],"replies":[{"embeddable":true,"href":"https:\/\/www.r2cpress.com.br\/v1\/wp-json\/wp\/v2\/comments?post=70713"}],"version-history":[{"count":2,"href":"https:\/\/www.r2cpress.com.br\/v1\/wp-json\/wp\/v2\/posts\/70713\/revisions"}],"predecessor-version":[{"id":70716,"href":"https:\/\/www.r2cpress.com.br\/v1\/wp-json\/wp\/v2\/posts\/70713\/revisions\/70716"}],"wp:attachment":[{"href":"https:\/\/www.r2cpress.com.br\/v1\/wp-json\/wp\/v2\/media?parent=70713"}],"wp:term":[{"taxonomy":"category","embeddable":true,"href":"https:\/\/www.r2cpress.com.br\/v1\/wp-json\/wp\/v2\/categories?post=70713"},{"taxonomy":"post_tag","embeddable":true,"href":"https:\/\/www.r2cpress.com.br\/v1\/wp-json\/wp\/v2\/tags?post=70713"}],"curies":[{"name":"wp","href":"https:\/\/api.w.org\/{rel}","templated":true}]}}