{"id":70729,"date":"2013-08-23T20:20:01","date_gmt":"2013-08-23T23:20:01","guid":{"rendered":"http:\/\/www.r2cpress.com.br\/v1\/?p=70729"},"modified":"2013-08-23T20:20:01","modified_gmt":"2013-08-23T23:20:01","slug":"comissao-vai-discutir-com-ministro-restricoes-a-pesca","status":"publish","type":"post","link":"https:\/\/www.r2cpress.com.br\/v1\/2013\/08\/23\/comissao-vai-discutir-com-ministro-restricoes-a-pesca\/","title":{"rendered":"Comiss\u00e3o vai discutir com ministro restri\u00e7\u00f5es \u00e0 pesca"},"content":{"rendered":"<div id=\"tituloNoticia\">\n<h2>A Comiss\u00e3o de Integra\u00e7\u00e3o Nacional, Desenvolvimento Regional e da Amaz\u00f4nia vai ouvir o ministro da Pesca e Aquicultura, Marcelo Crivella, sobre as restri\u00e7\u00f5es \u00e0 pesca nos estados do Amazonas, Rond\u00f4nia e Rio Grande do Sul.<\/h2>\n<\/div>\n<div id=\"conteudoNoticia\">\n<p>A audi\u00eancia, solicitada pelo deputado Silas C\u00e2mara (PSD-AM), est\u00e1 prevista para ser realizada em setembro. O parlamentar \u00e9 tamb\u00e9m um dos articuladores pol\u00edticos da Lei Geral da Pesca (<a href=\"http:\/\/www2.camara.leg.br\/legin\/fed\/lei\/2009\/lei-11959-29-junho-2009-589114-publicacaooriginal-114017-pl.html\" target=\"_blank\">11.959\/09<\/a>) .<\/p>\n<p>O deputado Silas C\u00e2mara j\u00e1 se reuniu com representantes do Sindicato dos Pescadores do Amazonas para discutir quest\u00f5es como aposentadoria para o pescador, implanta\u00e7\u00e3o de f\u00e1bricas de gelo pelo interior do Amazonas e apoio \u00e0 pesca e \u00e0 piscicultura. De acordo com o parlamentar, a classe dos pescadores \u00e9 uma das mais importantes, principalmente no interior do Amaz\u00f4nia.<\/p>\n<p><strong>Convidados <\/strong><br \/>\nTamb\u00e9m foram convidados para o debate:<br \/>\n&#8211; o presidente do Instituto Brasileiro do Meio Ambiente e dos Recursos Naturais Renov\u00e1veis (Ibama), Volney Zanardi;<br \/>\n&#8211; o presidente do Instituto Chico Mendes de Conserva\u00e7\u00e3o da Biodiversidade (ICMBio), Roberto Vizentin;<br \/>\n&#8211; a secret\u00e1ria do Meio Ambiente e Desenvolvimento Sustent\u00e1vel do Amazonas, N\u00e1dia Cristina Ferreira; e<br \/>\n&#8211; o diretor presidente do Instituto de Prote\u00e7\u00e3o Ambiental do Amazonas, Ant\u00f4nio Stroski.<\/p>\n<\/div>\n<div>\n<div id=\"creditosMateria\">Da Reda\u00e7\u00e3o &#8211; RCA<br \/>\nColabora\u00e7\u00e3o &#8211; Caroline Pompeu<\/p>\n<div>\nA reprodu\u00e7\u00e3o das not\u00edcias \u00e9 autorizada desde que contenha a assinatura &#8216;<a title=\"Ag\u00eancia C\u00e2mara de Not\u00edticas\" href=\"http:\/\/www2.camara.leg.br\/camaranoticias\">Ag\u00eancia C\u00e2mara Not\u00edcias<\/a>&#8216;<\/p>\n<\/div>\n<\/div>\n<\/div>\n<div><\/div>\n","protected":false},"excerpt":{"rendered":"<p>A Comiss\u00e3o de Integra\u00e7\u00e3o Nacional, Desenvolvimento Regional e da Amaz\u00f4nia vai ouvir o ministro da Pesca e Aquicultura, Marcelo Crivella, sobre as restri\u00e7\u00f5es \u00e0 pesca nos estados do Amazonas, Rond\u00f4nia e Rio Grande do Sul. A audi\u00eancia, solicitada pelo deputado Silas C\u00e2mara (PSD-AM), est\u00e1 prevista para ser realizada em setembro. O parlamentar \u00e9 tamb\u00e9m um [&hellip;]<\/p>\n","protected":false},"author":2,"featured_media":0,"comment_status":"open","ping_status":"open","sticky":false,"template":"","format":"standard","meta":{"_links_to":"","_links_to_target":""},"categories":[18],"tags":[],"_links":{"self":[{"href":"https:\/\/www.r2cpress.com.br\/v1\/wp-json\/wp\/v2\/posts\/70729"}],"collection":[{"href":"https:\/\/www.r2cpress.com.br\/v1\/wp-json\/wp\/v2\/posts"}],"about":[{"href":"https:\/\/www.r2cpress.com.br\/v1\/wp-json\/wp\/v2\/types\/post"}],"author":[{"embeddable":true,"href":"https:\/\/www.r2cpress.com.br\/v1\/wp-json\/wp\/v2\/users\/2"}],"replies":[{"embeddable":true,"href":"https:\/\/www.r2cpress.com.br\/v1\/wp-json\/wp\/v2\/comments?post=70729"}],"version-history":[{"count":3,"href":"https:\/\/www.r2cpress.com.br\/v1\/wp-json\/wp\/v2\/posts\/70729\/revisions"}],"predecessor-version":[{"id":70733,"href":"https:\/\/www.r2cpress.com.br\/v1\/wp-json\/wp\/v2\/posts\/70729\/revisions\/70733"}],"wp:attachment":[{"href":"https:\/\/www.r2cpress.com.br\/v1\/wp-json\/wp\/v2\/media?parent=70729"}],"wp:term":[{"taxonomy":"category","embeddable":true,"href":"https:\/\/www.r2cpress.com.br\/v1\/wp-json\/wp\/v2\/categories?post=70729"},{"taxonomy":"post_tag","embeddable":true,"href":"https:\/\/www.r2cpress.com.br\/v1\/wp-json\/wp\/v2\/tags?post=70729"}],"curies":[{"name":"wp","href":"https:\/\/api.w.org\/{rel}","templated":true}]}}