{"id":70732,"date":"2013-08-23T20:22:25","date_gmt":"2013-08-23T23:22:25","guid":{"rendered":"http:\/\/www.r2cpress.com.br\/v1\/?p=70732"},"modified":"2013-08-23T20:22:25","modified_gmt":"2013-08-23T23:22:25","slug":"agencia-camara-noticias-4","status":"publish","type":"post","link":"https:\/\/www.r2cpress.com.br\/v1\/2013\/08\/23\/agencia-camara-noticias-4\/","title":{"rendered":"Ag\u00eancia C\u00e2mara Not\u00edcias"},"content":{"rendered":"<div id=\"tituloNoticia\">\n<h2>Comiss\u00e3o aprova puni\u00e7\u00e3o a empresa que vender pel\u00edcula irregular para vidro de carro<\/h2>\n<\/div>\n<div id=\"conteudoNoticia\">\n<div id=\"fotoNoticia\">\n<div style=\"text-align: right;\">Arquivo\/ Leonardo Prado<\/div>\n<div><img class=\"alignright\" alt=\"Mauro Mariani\" src=\"http:\/\/www.camara.gov.br\/internet\/bancoimagem\/banco\/201204189111_mauro%20mariani1%201704MED.jpg\" border=\"0\" \/><\/div>\n<div><em><strong>Mariani: empresas aplicam pel\u00edculas mais escuras com selo de transpar\u00eancia n\u00e3o correspondente.<\/strong><\/em><\/div>\n<\/div>\n<p>A Comiss\u00e3o de Via\u00e7\u00e3o e Transportes aprovou na quarta-feira (23) proposta que responsabiliza as empresas por irregularidades na aplica\u00e7\u00e3o de pel\u00edculas pl\u00e1sticas nas \u00e1reas envidra\u00e7adas dos ve\u00edculos. A medida consta do Projeto de Lei <a href=\"http:\/\/www2.camara.leg.br\/camaranoticias\/noticias\/TRANSPORTE-E-TRANSITO\/448262-PROJETO-PUNE-EMPRESA-QUE-VENDER-PELICULA-IRREGULAR-PARA-VIDRO-DE-CARRO.html\" target=\"_blank\">5364\/13<\/a>, do deputado Major F\u00e1bio (DEM-PB).<\/p>\n<p>Pelo projeto aprovado, a empresa que desrespeitar o n\u00edvel de transpar\u00eancia m\u00ednima para os vidros dos autom\u00f3veis ser\u00e3o punidas de acordo com as regras do C\u00f3digo de Defesa do Consumidor (Lei <a href=\"http:\/\/www2.camara.leg.br\/legin\/fed\/lei\/1990\/lei-8078-11-setembro-1990-365086-normaatualizada-pl.html\" target=\"_blank\">8.078\/90<\/a>), que estabelece multa e cassa\u00e7\u00e3o de licen\u00e7a, entre outras san\u00e7\u00f5es.<\/p>\n<p>Atualmente, a penalidade \u00e9 dirigida apenas ao propriet\u00e1rio do ve\u00edculo, por cometimento de infra\u00e7\u00e3o grave, na forma de multa e medida administrativa de reten\u00e7\u00e3o do ve\u00edculo para regulariza\u00e7\u00e3o, conforme o C\u00f3digo de Tr\u00e2nsito Brasileiro (CTB \u2013 Lei <a href=\"http:\/\/www2.camara.leg.br\/legin\/fed\/lei\/1997\/lei-9503-23-setembro-1997-372348-normaatualizada-pl.html\" target=\"_blank\">9.503\/97<\/a>).<\/p>\n<p><strong>Selo de transpar\u00eancia<\/strong><\/p>\n<p><!--more--><br \/>\nO n\u00edvel de transpar\u00eancia \u00e9 hoje regulamentado pelo Conselho Nacional de Tr\u00e2nsito (Contran), que obriga as empresas especializadas no servi\u00e7o a imprimir na pel\u00edcula um selo que ateste o \u00edndice de transpar\u00eancia do conjunto vidro-pel\u00edcula. A resolu\u00e7\u00e3o estabelece os n\u00edveis m\u00ednimos de luminosidade dos vidros ap\u00f3s a aplica\u00e7\u00e3o da pel\u00edcula pl\u00e1stica.<\/p>\n<p>Segundo o relator, deputado Mauro Mariani (PMDB-SC), o problema est\u00e1 no fato de que algumas empresas, inclusive concession\u00e1rias autorizadas, costumam aplicar pel\u00edculas mais escuras e, mesmo assim, imprimir no selo o porcentual correspondente \u00e0 luminosidade permitida.<\/p>\n<p>De acordo com o PL 5364\/13, as instaladoras de pel\u00edculas tamb\u00e9m dever\u00e3o fornecer aos propriet\u00e1rios de ve\u00edculos um certificado com dados da empresa e da transpar\u00eancia do material vendido.<\/p>\n<p><strong>Tramita\u00e7\u00e3o<\/strong><br \/>\nA proposta, que tramita de forma conclusiva, ser\u00e1 ainda analisada pelas comiss\u00f5es de Defesa do Consumidor; e de Constitui\u00e7\u00e3o e Justi\u00e7a e de Cidadania.<\/p>\n<\/div>\n<div>\n<div id=\"proposicao\">\n<h4>\u00cdntegra da proposta:<\/h4>\n<ul>\n<li><a href=\"http:\/\/www.camara.gov.br\/internet\/sileg\/Prop_Detalhe.asp?id=571589\">PL-5364\/2013<\/a><\/li>\n<\/ul>\n<\/div>\n<div id=\"creditosMateria\">Reportagem \u2013 Murilo Souza<br \/>\nEdi\u00e7\u00e3o \u2013 Newton Ara\u00fajo<\/p>\n<div>\nA reprodu\u00e7\u00e3o das not\u00edcias \u00e9 autorizada desde que contenha a assinatura &#8216;<a title=\"Ag\u00eancia C\u00e2mara de Not\u00edticas\" href=\"http:\/\/www2.camara.leg.br\/camaranoticias\">Ag\u00eancia C\u00e2mara Not\u00edcias<\/a>&#8216;<\/p>\n<\/div>\n<\/div>\n<\/div>\n<div><\/div>\n","protected":false},"excerpt":{"rendered":"<p>Comiss\u00e3o aprova puni\u00e7\u00e3o a empresa que vender pel\u00edcula irregular para vidro de carro Arquivo\/ Leonardo Prado Mariani: empresas aplicam pel\u00edculas mais escuras com selo de transpar\u00eancia n\u00e3o correspondente. A Comiss\u00e3o de Via\u00e7\u00e3o e Transportes aprovou na quarta-feira (23) proposta que responsabiliza as empresas por irregularidades na aplica\u00e7\u00e3o de pel\u00edculas pl\u00e1sticas nas \u00e1reas envidra\u00e7adas dos ve\u00edculos. [&hellip;]<\/p>\n","protected":false},"author":2,"featured_media":0,"comment_status":"open","ping_status":"open","sticky":false,"template":"","format":"standard","meta":{"_links_to":"","_links_to_target":""},"categories":[18],"tags":[],"_links":{"self":[{"href":"https:\/\/www.r2cpress.com.br\/v1\/wp-json\/wp\/v2\/posts\/70732"}],"collection":[{"href":"https:\/\/www.r2cpress.com.br\/v1\/wp-json\/wp\/v2\/posts"}],"about":[{"href":"https:\/\/www.r2cpress.com.br\/v1\/wp-json\/wp\/v2\/types\/post"}],"author":[{"embeddable":true,"href":"https:\/\/www.r2cpress.com.br\/v1\/wp-json\/wp\/v2\/users\/2"}],"replies":[{"embeddable":true,"href":"https:\/\/www.r2cpress.com.br\/v1\/wp-json\/wp\/v2\/comments?post=70732"}],"version-history":[{"count":3,"href":"https:\/\/www.r2cpress.com.br\/v1\/wp-json\/wp\/v2\/posts\/70732\/revisions"}],"predecessor-version":[{"id":70736,"href":"https:\/\/www.r2cpress.com.br\/v1\/wp-json\/wp\/v2\/posts\/70732\/revisions\/70736"}],"wp:attachment":[{"href":"https:\/\/www.r2cpress.com.br\/v1\/wp-json\/wp\/v2\/media?parent=70732"}],"wp:term":[{"taxonomy":"category","embeddable":true,"href":"https:\/\/www.r2cpress.com.br\/v1\/wp-json\/wp\/v2\/categories?post=70732"},{"taxonomy":"post_tag","embeddable":true,"href":"https:\/\/www.r2cpress.com.br\/v1\/wp-json\/wp\/v2\/tags?post=70732"}],"curies":[{"name":"wp","href":"https:\/\/api.w.org\/{rel}","templated":true}]}}