{"id":70795,"date":"2013-08-25T20:29:46","date_gmt":"2013-08-25T23:29:46","guid":{"rendered":"http:\/\/www.r2cpress.com.br\/v1\/?p=70795"},"modified":"2013-08-25T20:42:40","modified_gmt":"2013-08-25T23:42:40","slug":"fogo-de-munturo","status":"publish","type":"post","link":"https:\/\/www.r2cpress.com.br\/v1\/2013\/08\/25\/fogo-de-munturo\/","title":{"rendered":"Fogo de munturo"},"content":{"rendered":"<p><a href=\"http:\/\/www.r2cpress.com.br\/v1\/wp-content\/uploads\/Capela-Nossa-Senhora-de-F\u00e1tima-Par\u00f3quia-Nossa-Senhora-de-Guadalupe.jpg\"><img loading=\"lazy\" src=\"http:\/\/www.r2cpress.com.br\/v1\/wp-content\/uploads\/Capela-Nossa-Senhora-de-F\u00e1tima-Par\u00f3quia-Nossa-Senhora-de-Guadalupe.jpg\" alt=\"Capela Nossa Senhora de F\u00e1tima - Par\u00f3quia Nossa Senhora de Guadalupe\" width=\"200\" height=\"262\" class=\"alignright size-full wp-image-70799\" \/><\/a>Recentemente pipocaram not\u00edcias aqui, al\u00ed e acol\u00e1 que promoveram uma certa PAZ para aqueles que se identificam e muito com a capelinha de Nossa Senhora de F\u00e1tima ou &#8220;A Igrejinha da Cidade Nova&#8221;.<\/p>\n<p>Na verdade aquela Capelinha \u00e9 &#8220;umbilicalmente&#8221; ligada com uma quantidade inimagin\u00e1vel de fam\u00edlias e amigos que fizeram batizados, primeira comunh\u00e3o, casamentos, missas e tantas e tantas missas.<\/p>\n<p>Acontece que corre, juridicamente, um embate. <strong>Aquela CAPELINHA n\u00e3o pode ser derrubada.<\/strong> Existe at\u00e9 uma proposta de um tal contrato que sabe l\u00e1 <strong>DEUS <\/strong>qual a inten\u00e7\u00e3o e o que esse contrato, a curt\u00edssimo prazo, pode significar &#8230;<\/p>\n<p><strong>Amanh\u00e3, 19 horas, l\u00e1 mesmo na CAPELINHA vai acontecer uma reuni\u00e3o com fi\u00e9is, amigos, cat\u00f3licos, associa\u00e7\u00f5es, comunidades etc com o bispo diocesano Dom Mauro.<\/strong><\/p>\n<p>\u00c9 muito importante que todos, TODOS MESMO, estejam presentes.<\/p>\n<p>At\u00e9 l\u00e1, ent\u00e3o.<\/p>\n","protected":false},"excerpt":{"rendered":"<p>Recentemente pipocaram not\u00edcias aqui, al\u00ed e acol\u00e1 que promoveram uma certa PAZ para aqueles que se identificam e muito com a capelinha de Nossa Senhora de F\u00e1tima ou &#8220;A Igrejinha da Cidade Nova&#8221;. Na verdade aquela Capelinha \u00e9 &#8220;umbilicalmente&#8221; ligada com uma quantidade inimagin\u00e1vel de fam\u00edlias e amigos que fizeram batizados, primeira comunh\u00e3o, casamentos, missas [&hellip;]<\/p>\n","protected":false},"author":2,"featured_media":0,"comment_status":"open","ping_status":"open","sticky":false,"template":"","format":"standard","meta":{"_links_to":"","_links_to_target":""},"categories":[14],"tags":[],"_links":{"self":[{"href":"https:\/\/www.r2cpress.com.br\/v1\/wp-json\/wp\/v2\/posts\/70795"}],"collection":[{"href":"https:\/\/www.r2cpress.com.br\/v1\/wp-json\/wp\/v2\/posts"}],"about":[{"href":"https:\/\/www.r2cpress.com.br\/v1\/wp-json\/wp\/v2\/types\/post"}],"author":[{"embeddable":true,"href":"https:\/\/www.r2cpress.com.br\/v1\/wp-json\/wp\/v2\/users\/2"}],"replies":[{"embeddable":true,"href":"https:\/\/www.r2cpress.com.br\/v1\/wp-json\/wp\/v2\/comments?post=70795"}],"version-history":[{"count":5,"href":"https:\/\/www.r2cpress.com.br\/v1\/wp-json\/wp\/v2\/posts\/70795\/revisions"}],"predecessor-version":[{"id":70800,"href":"https:\/\/www.r2cpress.com.br\/v1\/wp-json\/wp\/v2\/posts\/70795\/revisions\/70800"}],"wp:attachment":[{"href":"https:\/\/www.r2cpress.com.br\/v1\/wp-json\/wp\/v2\/media?parent=70795"}],"wp:term":[{"taxonomy":"category","embeddable":true,"href":"https:\/\/www.r2cpress.com.br\/v1\/wp-json\/wp\/v2\/categories?post=70795"},{"taxonomy":"post_tag","embeddable":true,"href":"https:\/\/www.r2cpress.com.br\/v1\/wp-json\/wp\/v2\/tags?post=70795"}],"curies":[{"name":"wp","href":"https:\/\/api.w.org\/{rel}","templated":true}]}}