{"id":7083,"date":"2011-01-21T09:31:13","date_gmt":"2011-01-21T12:31:13","guid":{"rendered":"http:\/\/www.r2cpress.com.br\/v1\/?p=7083"},"modified":"2011-01-21T09:31:13","modified_gmt":"2011-01-21T12:31:13","slug":"alfredo-amorim-em-10taques-2","status":"publish","type":"post","link":"https:\/\/www.r2cpress.com.br\/v1\/2011\/01\/21\/alfredo-amorim-em-10taques-2\/","title":{"rendered":"Alfredo Amorim em: &#8220;10TAQUES&#8221;"},"content":{"rendered":"<p><center><strong>Transcrito do Jornal Di\u00e1rio da Tarde de 10 de novembro de 1941<\/strong><\/p>\n<p><strong>Instalado o Rotary Club de Ilh\u00e9us<\/strong><br \/>\n<em><strong><br \/>\nNo \u00e1gape realizado, s\u00e1bado, no Ilh\u00e9us Hotel, falaram v\u00e1rios oradores<\/strong><\/em><\/center><\/p>\n<p>\t<img align = \"left\" src = \"http:\/\/www.r2cpress.com.br\/v1\/wp-content\/uploads\/alfredo-amorim-nova.jpg\"\/>No sal\u00e3o de festas do < < Ilh\u00e9us Hotel >> realizou-se s\u00e1bado \u00faltimo, \u00e0s 13 horas, o almo\u00e7o em que foi instalado o Rotary Club de Ilh\u00e9us e empossados os seus primeiros diretores, Dr. Clovis de Athayde, Presidente, Sr. Robert Durand, Vice-Presidente, Dr. Heitor Dias, 1\u00ba secret\u00e1rio, Dr. Jo\u00e3o Correia Junior, 2\u00ba secret\u00e1rio, Dr. Francisco de Toledo, tesoureiro, Dr. T\u00e1cito de S\u00e1, diretor de protocolo, e Dr. Silvino Kruschewsky, diretor sem pasta.<\/p>\n<p>Ao iniciar-se o \u00e1gape foi feita a sauda\u00e7\u00e3o ao pavilh\u00e3o nacional, colocado \u00e0 cabeceira da mesa, pelos rotarianos, sendo, ao terminar o almo\u00e7o, instalado pelo Sr. James H. Roth, Delegado do Rotary Internacional, o novo n\u00facleo rot\u00e1rio, procedida, ent\u00e3o, pelo Dr. Heitor Dias, a leitura da ata de funda\u00e7\u00e3o que foi aprovada e assinada pelos presentes.<\/p>\n<p>Em seguida o Sr. James H. Roth pronunciou um importante discurso, cujo ex\u00f3rdio publicamos em outra parte, sobre o sentido e as finalidades do Rotary, seguindo-se com a palavra o Dr. Clovis de Athayde, Presidente do Rotary Club de Ilh\u00e9us, Dr. T\u00e1cito de S\u00e1, diretor do protocolo, Sr. Robert Durand, Vice-Presidente, e Sr. M\u00e1rio Paranhos, levantando um brinde ao Brasil, tendo sido feita, para terminar a reuni\u00e3o, a sauda\u00e7\u00e3o rotariana.<\/p>\n<p>O Sr. James Roth teve oportunidade ainda de agradecer a sauda\u00e7\u00e3o que lhe feita, como organizador do n\u00facleo rot\u00e1rio ilheense, pelos Srs. Robert Durand e M\u00e1rio Paranhos. Al\u00e9m dos rotarianos de Ilh\u00e9us, compareceram ao almo\u00e7o, na qualidade de visitantes, os Srs. Carlos Maron e Dr. Adelson Ben\u00edcio, representantes do Rotary, em organiza\u00e7\u00e3o na vizinha cidade de Itabuna, o qual ser\u00e1 instalado ainda esta semana.<\/p>\n","protected":false},"excerpt":{"rendered":"<p>Transcrito do Jornal Di\u00e1rio da Tarde de 10 de novembro de 1941 Instalado o Rotary Club de Ilh\u00e9us No \u00e1gape realizado, s\u00e1bado, no Ilh\u00e9us Hotel, falaram v\u00e1rios oradores No sal\u00e3o de festas do < < Ilh\u00e9us Hotel >> realizou-se s\u00e1bado \u00faltimo, \u00e0s 13 horas, o almo\u00e7o em que foi instalado o Rotary Club de Ilh\u00e9us [&hellip;]<\/p>\n","protected":false},"author":2,"featured_media":0,"comment_status":"open","ping_status":"open","sticky":false,"template":"","format":"standard","meta":{"_links_to":"","_links_to_target":""},"categories":[10],"tags":[],"_links":{"self":[{"href":"https:\/\/www.r2cpress.com.br\/v1\/wp-json\/wp\/v2\/posts\/7083"}],"collection":[{"href":"https:\/\/www.r2cpress.com.br\/v1\/wp-json\/wp\/v2\/posts"}],"about":[{"href":"https:\/\/www.r2cpress.com.br\/v1\/wp-json\/wp\/v2\/types\/post"}],"author":[{"embeddable":true,"href":"https:\/\/www.r2cpress.com.br\/v1\/wp-json\/wp\/v2\/users\/2"}],"replies":[{"embeddable":true,"href":"https:\/\/www.r2cpress.com.br\/v1\/wp-json\/wp\/v2\/comments?post=7083"}],"version-history":[{"count":5,"href":"https:\/\/www.r2cpress.com.br\/v1\/wp-json\/wp\/v2\/posts\/7083\/revisions"}],"predecessor-version":[{"id":7088,"href":"https:\/\/www.r2cpress.com.br\/v1\/wp-json\/wp\/v2\/posts\/7083\/revisions\/7088"}],"wp:attachment":[{"href":"https:\/\/www.r2cpress.com.br\/v1\/wp-json\/wp\/v2\/media?parent=7083"}],"wp:term":[{"taxonomy":"category","embeddable":true,"href":"https:\/\/www.r2cpress.com.br\/v1\/wp-json\/wp\/v2\/categories?post=7083"},{"taxonomy":"post_tag","embeddable":true,"href":"https:\/\/www.r2cpress.com.br\/v1\/wp-json\/wp\/v2\/tags?post=7083"}],"curies":[{"name":"wp","href":"https:\/\/api.w.org\/{rel}","templated":true}]}}