{"id":70842,"date":"2013-08-26T19:21:36","date_gmt":"2013-08-26T22:21:36","guid":{"rendered":"http:\/\/www.r2cpress.com.br\/v1\/?p=70842"},"modified":"2013-08-26T19:21:36","modified_gmt":"2013-08-26T22:21:36","slug":"ilheenses-tem-atendimento-compartilhado-de-saude","status":"publish","type":"post","link":"https:\/\/www.r2cpress.com.br\/v1\/2013\/08\/26\/ilheenses-tem-atendimento-compartilhado-de-saude\/","title":{"rendered":"Ilheenses t\u00eam atendimento compartilhado de sa\u00fade"},"content":{"rendered":"<p><em><strong>Em parceria com o  Minist\u00e9rio da Sa\u00fade, a Prefeitura de Ilh\u00e9us oferece atendimento com cl\u00ednico geral, psic\u00f3logos, fisioterapeutas, terapeuta ocupacional, assistentes sociais, educadores f\u00edsicos, psiquiatras e pediatras.  <\/strong>    <\/em><\/p>\n<p>Com o objetivo de promover o atendimento compartilhado aos ilheenses, a Secretaria Municipal de Sa\u00fade (Sesau) retomou as atividades do N\u00facleo de Apoio \u00e0 Sa\u00fade da Fam\u00edlia (Nasf), programa do Minist\u00e9rio da Sa\u00fade, formado por equipes multiprofissionais. Em Ilh\u00e9us, o trabalho \u00e9 realizado por dois grupos compostos por cl\u00ednico geral, psic\u00f3logos, fisioterapeutas, terapeuta ocupacional, assistentes sociais, educadores f\u00edsicos, psiquiatra, pediatra, al\u00e9m de colaboradores de preven\u00e7\u00e3o em sa\u00fade. As equipes atuam em regi\u00f5es distintas do munic\u00edpio, que s\u00e3o o centro-sul e o centro-norte-oeste da cidade.<\/p>\n<p>A t\u00e9cnica do programa, Edn\u00e1gila Pinheiro ressalta que a fun\u00e7\u00e3o do Nasf \u00e9 essencialmente o de promo\u00e7\u00e3o \u00e0 sa\u00fade. \u201cSua atua\u00e7\u00e3o se d\u00e1 a partir das demandas identificadas no trabalho com as equipes de Sa\u00fade da Fam\u00edlia\u201d, informa. \u201cVale destacar que o n\u00facleo n\u00e3o \u00e9 porta de entrada no sistema, pois o seu trabalho est\u00e1 fundamentado em atua\u00e7\u00e3o planejada e elaborada em conjunto de a\u00e7\u00f5es junto com estas equipes\u201d, ressaltou.<\/p>\n<p>Conforme explica Edn\u00e1gila Pinheiro, o trabalho das equipes multiprofissionais tem como base as diversas a\u00e7\u00f5es relativas \u00e0 aten\u00e7\u00e3o prim\u00e1ria \u00e0 sa\u00fade. Entre elas a promo\u00e7\u00e3o de atividades f\u00edsicas, pr\u00e1ticas corporais e complementares, oficinas terap\u00eauticas, de servi\u00e7o social e de reabilita\u00e7\u00e3o, al\u00e9m de atua\u00e7\u00e3o em sa\u00fade da mulher, do homem, do idoso, da crian\u00e7a e mental. <\/p>\n<p>&#8212;<br \/>\nai\/pmi<\/p>\n","protected":false},"excerpt":{"rendered":"<p>Em parceria com o Minist\u00e9rio da Sa\u00fade, a Prefeitura de Ilh\u00e9us oferece atendimento com cl\u00ednico geral, psic\u00f3logos, fisioterapeutas, terapeuta ocupacional, assistentes sociais, educadores f\u00edsicos, psiquiatras e pediatras. Com o objetivo de promover o atendimento compartilhado aos ilheenses, a Secretaria Municipal de Sa\u00fade (Sesau) retomou as atividades do N\u00facleo de Apoio \u00e0 Sa\u00fade da Fam\u00edlia (Nasf), [&hellip;]<\/p>\n","protected":false},"author":2,"featured_media":0,"comment_status":"open","ping_status":"open","sticky":false,"template":"","format":"standard","meta":{"_links_to":"","_links_to_target":""},"categories":[23],"tags":[],"_links":{"self":[{"href":"https:\/\/www.r2cpress.com.br\/v1\/wp-json\/wp\/v2\/posts\/70842"}],"collection":[{"href":"https:\/\/www.r2cpress.com.br\/v1\/wp-json\/wp\/v2\/posts"}],"about":[{"href":"https:\/\/www.r2cpress.com.br\/v1\/wp-json\/wp\/v2\/types\/post"}],"author":[{"embeddable":true,"href":"https:\/\/www.r2cpress.com.br\/v1\/wp-json\/wp\/v2\/users\/2"}],"replies":[{"embeddable":true,"href":"https:\/\/www.r2cpress.com.br\/v1\/wp-json\/wp\/v2\/comments?post=70842"}],"version-history":[{"count":2,"href":"https:\/\/www.r2cpress.com.br\/v1\/wp-json\/wp\/v2\/posts\/70842\/revisions"}],"predecessor-version":[{"id":70844,"href":"https:\/\/www.r2cpress.com.br\/v1\/wp-json\/wp\/v2\/posts\/70842\/revisions\/70844"}],"wp:attachment":[{"href":"https:\/\/www.r2cpress.com.br\/v1\/wp-json\/wp\/v2\/media?parent=70842"}],"wp:term":[{"taxonomy":"category","embeddable":true,"href":"https:\/\/www.r2cpress.com.br\/v1\/wp-json\/wp\/v2\/categories?post=70842"},{"taxonomy":"post_tag","embeddable":true,"href":"https:\/\/www.r2cpress.com.br\/v1\/wp-json\/wp\/v2\/tags?post=70842"}],"curies":[{"name":"wp","href":"https:\/\/api.w.org\/{rel}","templated":true}]}}