{"id":70849,"date":"2013-08-26T19:55:39","date_gmt":"2013-08-26T22:55:39","guid":{"rendered":"http:\/\/www.r2cpress.com.br\/v1\/?p=70849"},"modified":"2013-08-26T19:57:17","modified_gmt":"2013-08-26T22:57:17","slug":"i-simposio-de-comercializacao-de-cacau-em-amendoas-discutira-preco-minimo-do-produto","status":"publish","type":"post","link":"https:\/\/www.r2cpress.com.br\/v1\/2013\/08\/26\/i-simposio-de-comercializacao-de-cacau-em-amendoas-discutira-preco-minimo-do-produto\/","title":{"rendered":"I Simp\u00f3sio de Comercializa\u00e7\u00e3o de Cacau em Am\u00eandoas discutir\u00e1 pre\u00e7o m\u00ednimo do produto"},"content":{"rendered":"<p>No pr\u00f3ximo dia 28 de agosto o munic\u00edpio de Ilh\u00e9us ser\u00e1 palco do I Simp\u00f3sio de Comercializa\u00e7\u00e3o de Cacau em Am\u00eandoas promovido pela Comiss\u00e3o Executiva do Plano da Lavoura Cacaueira (Ceplac).<\/p>\n<p>O evento que ser\u00e1 realizado no audit\u00f3rio do Escrit\u00f3rio Local da Ceplac, tem o objetivo de nivelar o conhecimento sobre os instrumentos de apoio a comercializa\u00e7\u00e3o, o mercado e suas perspectivas; colher propostas de organiza\u00e7\u00e3o da oferta do produto, de desenvolvimento de estruturas de apoio a comercializa\u00e7\u00e3o, de inser\u00e7\u00e3o de cooperativas nos instrumentos de apoio a comercializa\u00e7\u00e3o, da organiza\u00e7\u00e3o da classifica\u00e7\u00e3o de cacau e da promo\u00e7\u00e3o da qualidade de seus produtos.<\/p>\n<p>Segundo, o coordenador do evento, Antonio Zugaib, chefe de Planejamento da Ceplac\/Sueba, a expectativa \u00e9 de um p\u00fablico com perfil prioritariamente composto por t\u00e9cnicos, de lideran\u00e7a de produtores, produtores interessados, processadores, operadores de mercado, t\u00e9cnicos de agentes financeiros.<\/p>\n<p>Antonio Zugaib, explicou tamb\u00e9m que o Simp\u00f3sio disponibilizar\u00e1 uma pauta propositiva de desenvolvimento de governan\u00e7a a cadeia do cacau no que tange aos seus aspectos comerciais e de mecanismos de articula\u00e7\u00e3o com outros agentes econ\u00f4micos como o setor de armazenagem, moageiro, chocolateiro e outros. \u201cEsse evento \u00e9 muito importante para a estrutura\u00e7\u00e3o da pol\u00edtica de pre\u00e7o m\u00ednimo do cacau\u201d, assegura Zugaib.  <\/p>\n<p><!--more--><\/p>\n<p>A solenidade de abertura do evento tem in\u00edcio previsto para as 08h00min da pr\u00f3xima quarta-feira, 28, com pronunciamentos de dirigentes da Ceplac e autoridades convidadas. Em seguida Gustavo Henrique Marquim Firmo de Ara\u00fajo, Chefe de Divis\u00e3o da Coordena\u00e7\u00e3o-Geral para pecu\u00e1ria e culturas permanentes, falar\u00e1 sobre \u201cPol\u00edtica de Garantia de Pre\u00e7os M\u00ednimos e sua potencial aplica\u00e7\u00e3o na cadeia do cacau\u201d.<\/p>\n<p>Na seq\u00fc\u00eancia, teremos a palestra: \u201cPol\u00edticas de aquisi\u00e7\u00e3o voltadas a agricultura familiar e suas cooperativas\u201d, feita pelo Secret\u00e1rio de Agricultura Familiar \u2013 MDA, Valter Bianchini. Fechando a parte da manh\u00e3, ser\u00e1 abordado o tema: \u201cDesenvolvimento de capacidade comercial das Cooperativas para o uso dos instrumentos dispon\u00edveis de comercializa\u00e7\u00e3ode cacau\u201d, pelo Diretor do Departamento de Cooperativismo e Associativismo Rural &#8211; Denacoop\/SDC, Erikson Camargo Chandoha.<\/p>\n<p>Ap\u00f3s o intervalo para o almo\u00e7o, a programa\u00e7\u00e3o \u00e9 retomada as 14h00min  com a palestra: \u201cAvan\u00e7os operacionais necess\u00e1rios \u00e0 aplica\u00e7\u00e3o das pol\u00edticas p\u00fablicas de apoio a comercializa\u00e7\u00e3o de cacau, seus desafios e gargalos\u201d, pelo  Superintendente de Gest\u00e3o da Oferta da CONAB, Paulo Morceli.<\/p>\n<p>A programa\u00e7\u00e3o prossegue com a palestra que ser\u00e1 proferida pelos t\u00e9cnicos da Ceplac, Neide Alice Marques Pereira (Cepec) e Joseval M. Martins (Cenex), sobre : \u201cA import\u00e2ncia da qualidade e da classifica\u00e7\u00e3o de cacau,ajustes de padr\u00f5es e estrat\u00e9gias para a amplia\u00e7\u00e3o da rede de prestadores de servi\u00e7os\u201d.<\/p>\n<p>E o ciclo de palestras tem encerramento previsto com a explana\u00e7\u00e3o do tema: \u201cCadastro e Credenciamento de Armaz\u00e9ns para Estocagem de Produtos Agr\u00edcolas (Contrato de Dep\u00f3sitoe Certifica\u00e7\u00e3o), pelo Gerente de Cadastro e Credenciamento de Armaz\u00e9ns da Conab, Luiz Campos de Almeida.<\/p>\n<p>A Programa\u00e7\u00e3o do Simp\u00f3sio prev\u00ea ao seu final a elabora\u00e7\u00e3o e aprova\u00e7\u00e3o de um documento contendo proposi\u00e7\u00f5es, previamente coletadas e sistematizadas que dever\u00e3o ser apresentada a C\u00e2mara Setorial do Cacau do Minist\u00e9rio da Agricultura, Pecu\u00e1ria e Abastecimento.<\/p>\n<p><center>  <a href=\"http:\/\/www.r2cpress.com.br\/v1\/wp-content\/uploads\/amendoas20.jpg\"><img loading=\"lazy\" src=\"http:\/\/www.r2cpress.com.br\/v1\/wp-content\/uploads\/amendoas20.jpg\" alt=\"amendoas20\" width=\"600\" height=\"428\" class=\"aligncenter size-full wp-image-70852\" srcset=\"https:\/\/www.r2cpress.com.br\/v1\/wp-content\/uploads\/amendoas20.jpg 600w, https:\/\/www.r2cpress.com.br\/v1\/wp-content\/uploads\/amendoas20-300x214.jpg 300w\" sizes=\"(max-width: 600px) 100vw, 600px\" \/><\/a>  <\/center><\/p>\n","protected":false},"excerpt":{"rendered":"<p>No pr\u00f3ximo dia 28 de agosto o munic\u00edpio de Ilh\u00e9us ser\u00e1 palco do I Simp\u00f3sio de Comercializa\u00e7\u00e3o de Cacau em Am\u00eandoas promovido pela Comiss\u00e3o Executiva do Plano da Lavoura Cacaueira (Ceplac). O evento que ser\u00e1 realizado no audit\u00f3rio do Escrit\u00f3rio Local da Ceplac, tem o objetivo de nivelar o conhecimento sobre os instrumentos de apoio [&hellip;]<\/p>\n","protected":false},"author":2,"featured_media":0,"comment_status":"open","ping_status":"open","sticky":false,"template":"","format":"standard","meta":{"_links_to":"","_links_to_target":""},"categories":[3],"tags":[],"_links":{"self":[{"href":"https:\/\/www.r2cpress.com.br\/v1\/wp-json\/wp\/v2\/posts\/70849"}],"collection":[{"href":"https:\/\/www.r2cpress.com.br\/v1\/wp-json\/wp\/v2\/posts"}],"about":[{"href":"https:\/\/www.r2cpress.com.br\/v1\/wp-json\/wp\/v2\/types\/post"}],"author":[{"embeddable":true,"href":"https:\/\/www.r2cpress.com.br\/v1\/wp-json\/wp\/v2\/users\/2"}],"replies":[{"embeddable":true,"href":"https:\/\/www.r2cpress.com.br\/v1\/wp-json\/wp\/v2\/comments?post=70849"}],"version-history":[{"count":3,"href":"https:\/\/www.r2cpress.com.br\/v1\/wp-json\/wp\/v2\/posts\/70849\/revisions"}],"predecessor-version":[{"id":70853,"href":"https:\/\/www.r2cpress.com.br\/v1\/wp-json\/wp\/v2\/posts\/70849\/revisions\/70853"}],"wp:attachment":[{"href":"https:\/\/www.r2cpress.com.br\/v1\/wp-json\/wp\/v2\/media?parent=70849"}],"wp:term":[{"taxonomy":"category","embeddable":true,"href":"https:\/\/www.r2cpress.com.br\/v1\/wp-json\/wp\/v2\/categories?post=70849"},{"taxonomy":"post_tag","embeddable":true,"href":"https:\/\/www.r2cpress.com.br\/v1\/wp-json\/wp\/v2\/tags?post=70849"}],"curies":[{"name":"wp","href":"https:\/\/api.w.org\/{rel}","templated":true}]}}