{"id":70871,"date":"2013-08-27T11:10:26","date_gmt":"2013-08-27T14:10:26","guid":{"rendered":"http:\/\/www.r2cpress.com.br\/v1\/?p=70871"},"modified":"2013-08-27T11:10:26","modified_gmt":"2013-08-27T14:10:26","slug":"o-inspetor-geral-fecha-o-mes-na-tenda-do-tpi","status":"publish","type":"post","link":"https:\/\/www.r2cpress.com.br\/v1\/2013\/08\/27\/o-inspetor-geral-fecha-o-mes-na-tenda-do-tpi\/","title":{"rendered":"O Inspetor Geral fecha  o m\u00eas na Tenda do TPI"},"content":{"rendered":"<p>A com\u00e9dia <i>O Inspetor Geral \u2013 sai o prefeito, entra o vice<\/i> fecha a programa\u00e7\u00e3o do m\u00eas de agosto, comemorativa aos 18 anos do Teatro Popular de Ilh\u00e9us (TPI). O espet\u00e1culo ser\u00e1 apresentado nestas quinta e sexta-feira (29 e 30) \u00e0s 20 horas e, no s\u00e1bado (31) \u00e0s 19 horas, na Tenda montada na Avenida Soares Lopes. As entradas custam R$ 20 e R$ 10. A classifica\u00e7\u00e3o indicativa \u00e9 14 anos<\/p>\n<div id=\"attachment_70872\" style=\"width: 610px\" class=\"wp-caption aligncenter\"><a href=\"http:\/\/www.r2cpress.com.br\/v1\/wp-content\/uploads\/O-Inspetor-Geral-5.jpg\"><img aria-describedby=\"caption-attachment-70872\" loading=\"lazy\" class=\"size-full wp-image-70872\" alt=\"O Inspetor Geral \" src=\"http:\/\/www.r2cpress.com.br\/v1\/wp-content\/uploads\/O-Inspetor-Geral-5.jpg\" width=\"600\" height=\"400\" srcset=\"https:\/\/www.r2cpress.com.br\/v1\/wp-content\/uploads\/O-Inspetor-Geral-5.jpg 600w, https:\/\/www.r2cpress.com.br\/v1\/wp-content\/uploads\/O-Inspetor-Geral-5-300x200.jpg 300w\" sizes=\"(max-width: 600px) 100vw, 600px\" \/><\/a><p id=\"caption-attachment-70872\" class=\"wp-caption-text\">O Inspetor Geral<\/p><\/div>\n<p>Inspirado na obra de Nikolai Gogol, <i>O Inspetor<\/i> Geral re\u00fane elementos de poesia e literatura de cordel em uma s\u00e1tira pol\u00edtica, que d\u00e1 sequ\u00eancia a outro sucesso do Teatro Popular de Ilh\u00e9us, a pe\u00e7a <i>Teodorico Majestade \u2013 as \u00faltimas horas de um prefeito<\/i>. A montagem \u00e9 escrita e dirigida por Romualdo Lisboa e foi indicada ao Pr\u00eamio Shell 2012, na categoria especial.<\/p>\n<p>O espet\u00e1culo mostra o temor do prefeito da fict\u00edcia cidade de Ilha Bela, Gilton Munheca, e seus coligados com a iminente chegada de um funcion\u00e1rio vindo da capital para inspecionar o governo corrupto. Ao mesmo tempo, um viajante misterioso recebe aten\u00e7\u00e3o especial dos representantes da administra\u00e7\u00e3o do munic\u00edpio.<\/p>\n<p>Para pagar meia-entrada durante um ano em todos os espet\u00e1culos da Tenda do Teatro Popular de Ilh\u00e9us e ainda ter 10% de descontos em cursos e oficinas, basta fazer o Cart\u00e3o TPI.\u00a0 Basta efetuar um cadastro com dados pessoais e pagar uma taxa de R$ 15. Mais informa\u00e7\u00f5es no local ou pelo telefone (73) 4102-0580.<\/p>\n<p>E, para os estudantes de escolas p\u00fablicas, a Tenda do TPI reserva 10% de seus ingressos dispon\u00edveis, gratuitamente. Para ter acesso ao benef\u00edcio, o aluno deve apresentar seu comprovante de matr\u00edcula com um dia de anteced\u00eancia do espet\u00e1culo.<\/p>\n","protected":false},"excerpt":{"rendered":"<p>A com\u00e9dia O Inspetor Geral \u2013 sai o prefeito, entra o vice fecha a programa\u00e7\u00e3o do m\u00eas de agosto, comemorativa aos 18 anos do Teatro Popular de Ilh\u00e9us (TPI). O espet\u00e1culo ser\u00e1 apresentado nestas quinta e sexta-feira (29 e 30) \u00e0s 20 horas e, no s\u00e1bado (31) \u00e0s 19 horas, na Tenda montada na Avenida [&hellip;]<\/p>\n","protected":false},"author":2,"featured_media":0,"comment_status":"open","ping_status":"open","sticky":false,"template":"","format":"standard","meta":{"_links_to":"","_links_to_target":""},"categories":[5],"tags":[],"_links":{"self":[{"href":"https:\/\/www.r2cpress.com.br\/v1\/wp-json\/wp\/v2\/posts\/70871"}],"collection":[{"href":"https:\/\/www.r2cpress.com.br\/v1\/wp-json\/wp\/v2\/posts"}],"about":[{"href":"https:\/\/www.r2cpress.com.br\/v1\/wp-json\/wp\/v2\/types\/post"}],"author":[{"embeddable":true,"href":"https:\/\/www.r2cpress.com.br\/v1\/wp-json\/wp\/v2\/users\/2"}],"replies":[{"embeddable":true,"href":"https:\/\/www.r2cpress.com.br\/v1\/wp-json\/wp\/v2\/comments?post=70871"}],"version-history":[{"count":2,"href":"https:\/\/www.r2cpress.com.br\/v1\/wp-json\/wp\/v2\/posts\/70871\/revisions"}],"predecessor-version":[{"id":70874,"href":"https:\/\/www.r2cpress.com.br\/v1\/wp-json\/wp\/v2\/posts\/70871\/revisions\/70874"}],"wp:attachment":[{"href":"https:\/\/www.r2cpress.com.br\/v1\/wp-json\/wp\/v2\/media?parent=70871"}],"wp:term":[{"taxonomy":"category","embeddable":true,"href":"https:\/\/www.r2cpress.com.br\/v1\/wp-json\/wp\/v2\/categories?post=70871"},{"taxonomy":"post_tag","embeddable":true,"href":"https:\/\/www.r2cpress.com.br\/v1\/wp-json\/wp\/v2\/tags?post=70871"}],"curies":[{"name":"wp","href":"https:\/\/api.w.org\/{rel}","templated":true}]}}