{"id":70938,"date":"2013-08-28T16:57:18","date_gmt":"2013-08-28T19:57:18","guid":{"rendered":"http:\/\/www.r2cpress.com.br\/v1\/?p=70938"},"modified":"2013-08-28T16:57:18","modified_gmt":"2013-08-28T19:57:18","slug":"radialistas-promovem-seminario-neste-final-de-semana-em-ilheus","status":"publish","type":"post","link":"https:\/\/www.r2cpress.com.br\/v1\/2013\/08\/28\/radialistas-promovem-seminario-neste-final-de-semana-em-ilheus\/","title":{"rendered":"Radialistas promovem semin\u00e1rio neste final de semana em Ilh\u00e9us"},"content":{"rendered":"<p>Com o tema central \u2018Liberdade de express\u00e3o e democratiza\u00e7\u00e3o na radiodifus\u00e3o\u2019, o encontropromover\u00e1 discuss\u00f5es sobre o desenvolvimento da atividade e sua import\u00e2ncia para a democracia nas comunidades.<\/p>\n<p>O Sindicato dos Radialistas de Ilh\u00e9us (Stert\/BA) e o Sindicato dos trabalhadores em R\u00e1dio, TV e Publicidade do Estado daBahia (Sinterp\/BA)promovem o 1\u00ba Encontro Regional Sul de Radialistas e Comunicadores de v\u00e1rios segmentos sociais, destinado a profissionais de r\u00e1dios comunit\u00e1rias, estudantes de comunica\u00e7\u00e3o e assessores de comunica\u00e7\u00e3o. O evento tem in\u00edcio nesta quinta-feira, dia 29, a partir das 18 horas, no plen\u00e1rio da C\u00e2mara de Vereadores, e ocorre at\u00e9 o pr\u00f3ximo s\u00e1bado (31), com o apoio da Fitert\/BA, Faculdade de Ilh\u00e9us, C\u00e2mara Municipal de Ilh\u00e9us, Prefeitura Municipal e a Secretaria de Comunica\u00e7\u00e3o do Governo da Bahia.<\/p>\n<p>Com o tema central \u2018Liberdade de express\u00e3o e democratiza\u00e7\u00e3o na radiodifus\u00e3o\u2019, o semin\u00e1rio tem como objetivo envolver radialistas e comunicadores comunit\u00e1rios em discuss\u00f5es sobre o desenvolvimento da atividade e sua import\u00e2ncia para a promo\u00e7\u00e3o da democracia. Apesar da internet, o R\u00e1dio e TV continuam sendo as m\u00eddias mais acessadas pelos brasileiros, por\u00e9m a legisla\u00e7\u00e3o do setor j\u00e1 completou 50 anos sem passar por atualiza\u00e7\u00e3o que reflita as mudan\u00e7as no Pa\u00eds.<\/p>\n<p>O Sindicato dos Radialistas de Ilh\u00e9us e o Sinterp\/BA compreendem que a reforma da legisla\u00e7\u00e3o permitir\u00e1 ampliar a diversidade e a pluralidade cultural na m\u00eddia, e consequentemente mais oportunidades e autonomia aos radialistas e comunicadores frente aos poderes pol\u00edtico, econ\u00f4mico e religioso.    <\/p>\n<p>Outro tema a ser debatido \u00e9 a viol\u00eancia aos profissionais do setor. No ano de 2012, foram registrados sete assassinatos no pa\u00eds, o dobro do ano anterior. Assim, se faz necess\u00e1rio conhecer quem e quais s\u00e3o as principais vias de intimida\u00e7\u00e3o, como ter aux\u00edlio da Justi\u00e7a, bem como os direitos dos comunicadores, em especial aqueles assegurados pela nova Lei de Acesso \u00e0 Informa\u00e7\u00e3o P\u00fablica.<\/p>\n<p>Para o coordenador do Sinterp\/BA, Everaldo Monteiro, em rela\u00e7\u00e3o \u00e0 responsabilidade dos sindicatos em acompanhar a atividade laboral, ser\u00e1 realizada uma mesa voltada \u00e0 regulamenta\u00e7\u00e3o da profiss\u00e3o por meio do registro e tamb\u00e9m os impactos na sa\u00fade do trabalhador com doen\u00e7as ocupacionais contra\u00eddas no exerc\u00edcio de suas atividades. \u201cO empregador precisa se enquadrar \u00e0s normas constitu\u00eddas\u201d, adverte.<\/p>\n<p><strong>Programa\u00e7\u00e3o:<\/strong><\/p>\n<p> <!--more--><\/p>\n<p>Mesa 1: Por uma Lei de M\u00eddia Democr\u00e1tica na radiodifus\u00e3o <\/p>\n<p>Subtemas: <\/p>\n<p>-Impactos na radiodifus\u00e3o p\u00fablica \/ comunit\u00e1ria<\/p>\n<p>-Impactos no mercado de trabalho<\/p>\n<p>-O cen\u00e1rio da digitaliza\u00e7\u00e3o e os impactos da Lei<\/p>\n<p>Mesa 2: Pol\u00edticas locais de comunica\u00e7\u00e3o: Governo do Estado e Munic\u00edpios .<\/p>\n<p>Subtemas: <\/p>\n<p>-As pol\u00edticas locais e os Conselhos de Comunica\u00e7\u00e3o<\/p>\n<p>-Transpar\u00eancia e distribui\u00e7\u00e3o das verbas publicit\u00e1rias<\/p>\n<p>-Forma\u00e7\u00e3o do comunicador: curso t\u00e9cnico e universit\u00e1rio<\/p>\n<p>Mesa 3: Regulamenta\u00e7\u00e3o profissional e Sa\u00fade do Trabalhador<\/p>\n<p>Subtemas: <\/p>\n<p>-Registro Profissional de radialista<\/p>\n<p>-SUS para Comunicadores<\/p>\n<p>-Sa\u00fade do Trabalhador (doen\u00e7as ocupacionais)<\/p>\n<p>Mesa 4: Viol\u00eancia e intimida\u00e7\u00e3o aos comunicadores .<\/p>\n<p>Subtemas:<\/p>\n<p>-A Lei de acesso \u00e0 informa\u00e7\u00e3o p\u00fablica<\/p>\n<p>-Os principais tipos de viol\u00eancia e intimida\u00e7\u00e3o aos comunicadores<\/p>\n<p>-Assessoria jur\u00eddica aos profissionais <\/p>\n<p>Secretaria de Comunica\u00e7\u00e3o Social (Secom)<\/p>\n<p>Ilh\u00e9us \u2013 28.08.2013<\/p>\n","protected":false},"excerpt":{"rendered":"<p>Com o tema central \u2018Liberdade de express\u00e3o e democratiza\u00e7\u00e3o na radiodifus\u00e3o\u2019, o encontropromover\u00e1 discuss\u00f5es sobre o desenvolvimento da atividade e sua import\u00e2ncia para a democracia nas comunidades. O Sindicato dos Radialistas de Ilh\u00e9us (Stert\/BA) e o Sindicato dos trabalhadores em R\u00e1dio, TV e Publicidade do Estado daBahia (Sinterp\/BA)promovem o 1\u00ba Encontro Regional Sul de Radialistas [&hellip;]<\/p>\n","protected":false},"author":2,"featured_media":0,"comment_status":"open","ping_status":"open","sticky":false,"template":"","format":"standard","meta":{"_links_to":"","_links_to_target":""},"categories":[23],"tags":[],"_links":{"self":[{"href":"https:\/\/www.r2cpress.com.br\/v1\/wp-json\/wp\/v2\/posts\/70938"}],"collection":[{"href":"https:\/\/www.r2cpress.com.br\/v1\/wp-json\/wp\/v2\/posts"}],"about":[{"href":"https:\/\/www.r2cpress.com.br\/v1\/wp-json\/wp\/v2\/types\/post"}],"author":[{"embeddable":true,"href":"https:\/\/www.r2cpress.com.br\/v1\/wp-json\/wp\/v2\/users\/2"}],"replies":[{"embeddable":true,"href":"https:\/\/www.r2cpress.com.br\/v1\/wp-json\/wp\/v2\/comments?post=70938"}],"version-history":[{"count":2,"href":"https:\/\/www.r2cpress.com.br\/v1\/wp-json\/wp\/v2\/posts\/70938\/revisions"}],"predecessor-version":[{"id":70940,"href":"https:\/\/www.r2cpress.com.br\/v1\/wp-json\/wp\/v2\/posts\/70938\/revisions\/70940"}],"wp:attachment":[{"href":"https:\/\/www.r2cpress.com.br\/v1\/wp-json\/wp\/v2\/media?parent=70938"}],"wp:term":[{"taxonomy":"category","embeddable":true,"href":"https:\/\/www.r2cpress.com.br\/v1\/wp-json\/wp\/v2\/categories?post=70938"},{"taxonomy":"post_tag","embeddable":true,"href":"https:\/\/www.r2cpress.com.br\/v1\/wp-json\/wp\/v2\/tags?post=70938"}],"curies":[{"name":"wp","href":"https:\/\/api.w.org\/{rel}","templated":true}]}}