{"id":70941,"date":"2013-08-28T17:02:33","date_gmt":"2013-08-28T20:02:33","guid":{"rendered":"http:\/\/www.r2cpress.com.br\/v1\/?p=70941"},"modified":"2013-08-28T17:02:33","modified_gmt":"2013-08-28T20:02:33","slug":"ilheus-inicia-construcao-de-novos-postos-de-saude","status":"publish","type":"post","link":"https:\/\/www.r2cpress.com.br\/v1\/2013\/08\/28\/ilheus-inicia-construcao-de-novos-postos-de-saude\/","title":{"rendered":"Ilh\u00e9us inicia constru\u00e7\u00e3o de novos postos de sa\u00fade"},"content":{"rendered":"<p><em><strong>Com a demoli\u00e7\u00e3o do posto de sa\u00fade Almiro Vinhais, na Avenida Princesa Isabel, a Prefeitura de Ilh\u00e9us inicia a constru\u00e7\u00e3o de novas unidades b\u00e1sicas de sa\u00fade nas zonas urbana e rural do Munic\u00edpio.<\/strong><\/em><\/p>\n<div id=\"attachment_70942\" style=\"width: 610px\" class=\"wp-caption aligncenter\"><a href=\"http:\/\/www.r2cpress.com.br\/v1\/wp-content\/uploads\/Demoli\u00e7\u00e3o-do-antigo-posto-para-a-const-de-nova-unid-de-sa\u00fade-Av-P-Isabel-foto-Gidelzo-Silva-Secom-Ilh\u00e9us-28-08-13-1-45.jpg\"><img aria-describedby=\"caption-attachment-70942\" loading=\"lazy\" src=\"http:\/\/www.r2cpress.com.br\/v1\/wp-content\/uploads\/Demoli\u00e7\u00e3o-do-antigo-posto-para-a-const-de-nova-unid-de-sa\u00fade-Av-P-Isabel-foto-Gidelzo-Silva-Secom-Ilh\u00e9us-28-08-13-1-45.jpg\" alt=\"Demoli\u00e7\u00e3o do antigo posto para a const de nova unid de sa\u00fade (Av P Isabel) foto Gidelzo Silva Secom-Ilh\u00e9us 28-08-13.\" width=\"600\" height=\"336\" class=\"size-full wp-image-70942\" srcset=\"https:\/\/www.r2cpress.com.br\/v1\/wp-content\/uploads\/Demoli\u00e7\u00e3o-do-antigo-posto-para-a-const-de-nova-unid-de-sa\u00fade-Av-P-Isabel-foto-Gidelzo-Silva-Secom-Ilh\u00e9us-28-08-13-1-45.jpg 600w, https:\/\/www.r2cpress.com.br\/v1\/wp-content\/uploads\/Demoli\u00e7\u00e3o-do-antigo-posto-para-a-const-de-nova-unid-de-sa\u00fade-Av-P-Isabel-foto-Gidelzo-Silva-Secom-Ilh\u00e9us-28-08-13-1-45-300x168.jpg 300w\" sizes=\"(max-width: 600px) 100vw, 600px\" \/><\/a><p id=\"caption-attachment-70942\" class=\"wp-caption-text\">Demoli\u00e7\u00e3o do antigo posto para a const de nova unid de sa\u00fade (Av P Isabel) foto Gidelzo Silva Secom-Ilh\u00e9us 28-08-13.<\/p><\/div>\n<p>A Prefeitura de Ilh\u00e9us iniciou hoje, 28, a obra de constru\u00e7\u00e3o do novo posto de sa\u00fade Almiro Vinhais, localizado na Avenida Princesa Isabel, na zona central da cidade. A demoli\u00e7\u00e3o do antigo im\u00f3vel onde funcionava a unidade foi acompanhada pela secret\u00e1ria municipal de Sa\u00fade, Led\u00edvia Espinheira, e pelo superintendente de Obras e Servi\u00e7os P\u00fablicos da Secretaria de Servi\u00e7os Urbanos, Ednaldo Azevedo. J\u00e1 na pr\u00f3xima segunda-feira ser\u00e3o iniciados trabalhos de constru\u00e7\u00e3o da nova unidade da Princesa Isabel. <\/p>\n<p> A secret\u00e1ria Led\u00edvia Espinheira informou que a Prefeitura vai construir nove postos m\u00e9dicos, al\u00e9m de obras de amplia\u00e7\u00e3o de tr\u00eas unidades de sa\u00fade, na zona urbana e na zona rural, atrav\u00e9s de conv\u00eanio com o Minist\u00e9rio da Sa\u00fade. \u201cAs unidades b\u00e1sicas de sa\u00fade inclu\u00eddas nesse projeto de amplia\u00e7\u00e3o v\u00e3o ser modernizadas, a fim de possibilitar a oferta de postos qualificados de acordo com as novas exig\u00eancias do Minist\u00e9rio da Sa\u00fade\u201d, afirmou a secret\u00e1ria.<\/p>\n<p> Al\u00e9m do Almiro Vinhais, na Avenida Princesa Isabel, as comunidades contempladas com a constru\u00e7\u00e3o de novas unidades de sa\u00fade s\u00e3o a Vila S\u00e3o Jos\u00e9, Teot\u00f4nio Vilela, Avenida Roberto Santos (Esperan\u00e7a), Oliven\u00e7a, Conquista, Banco da Vit\u00f3ria, S\u00e3o Miguel e Iguape. As obras de amplia\u00e7\u00e3o v\u00e3o beneficiar o Centro de Sa\u00fade Avan\u00e7ado da Zona Sul, no bairro Hernani S\u00e1, e as unidades de sa\u00fade da fam\u00edlia de Banco Central e Couto-Santo Antonio.<\/p>\n<p>&#8212;<br \/>\nSecretaria de Comunica\u00e7\u00e3o Social (Secom)<br \/>\nIlh\u00e9us \u2013 28.08.2013<\/p>\n","protected":false},"excerpt":{"rendered":"<p>Com a demoli\u00e7\u00e3o do posto de sa\u00fade Almiro Vinhais, na Avenida Princesa Isabel, a Prefeitura de Ilh\u00e9us inicia a constru\u00e7\u00e3o de novas unidades b\u00e1sicas de sa\u00fade nas zonas urbana e rural do Munic\u00edpio. A Prefeitura de Ilh\u00e9us iniciou hoje, 28, a obra de constru\u00e7\u00e3o do novo posto de sa\u00fade Almiro Vinhais, localizado na Avenida Princesa [&hellip;]<\/p>\n","protected":false},"author":2,"featured_media":0,"comment_status":"open","ping_status":"open","sticky":false,"template":"","format":"standard","meta":{"_links_to":"","_links_to_target":""},"categories":[23],"tags":[],"_links":{"self":[{"href":"https:\/\/www.r2cpress.com.br\/v1\/wp-json\/wp\/v2\/posts\/70941"}],"collection":[{"href":"https:\/\/www.r2cpress.com.br\/v1\/wp-json\/wp\/v2\/posts"}],"about":[{"href":"https:\/\/www.r2cpress.com.br\/v1\/wp-json\/wp\/v2\/types\/post"}],"author":[{"embeddable":true,"href":"https:\/\/www.r2cpress.com.br\/v1\/wp-json\/wp\/v2\/users\/2"}],"replies":[{"embeddable":true,"href":"https:\/\/www.r2cpress.com.br\/v1\/wp-json\/wp\/v2\/comments?post=70941"}],"version-history":[{"count":2,"href":"https:\/\/www.r2cpress.com.br\/v1\/wp-json\/wp\/v2\/posts\/70941\/revisions"}],"predecessor-version":[{"id":70944,"href":"https:\/\/www.r2cpress.com.br\/v1\/wp-json\/wp\/v2\/posts\/70941\/revisions\/70944"}],"wp:attachment":[{"href":"https:\/\/www.r2cpress.com.br\/v1\/wp-json\/wp\/v2\/media?parent=70941"}],"wp:term":[{"taxonomy":"category","embeddable":true,"href":"https:\/\/www.r2cpress.com.br\/v1\/wp-json\/wp\/v2\/categories?post=70941"},{"taxonomy":"post_tag","embeddable":true,"href":"https:\/\/www.r2cpress.com.br\/v1\/wp-json\/wp\/v2\/tags?post=70941"}],"curies":[{"name":"wp","href":"https:\/\/api.w.org\/{rel}","templated":true}]}}