{"id":7107,"date":"2011-01-21T13:38:27","date_gmt":"2011-01-21T16:38:27","guid":{"rendered":"http:\/\/www.r2cpress.com.br\/v1\/?p=7107"},"modified":"2011-01-21T13:38:27","modified_gmt":"2011-01-21T16:38:27","slug":"inga-e-orgaos-estaduais-participam-da-operacao-chuva-para-a-bahia","status":"publish","type":"post","link":"https:\/\/www.r2cpress.com.br\/v1\/2011\/01\/21\/inga-e-orgaos-estaduais-participam-da-operacao-chuva-para-a-bahia\/","title":{"rendered":"Ing\u00e1 e \u00f3rg\u00e3os estaduais participam da opera\u00e7\u00e3o chuva para a Bahia"},"content":{"rendered":"<p>Tra\u00e7ar atribui\u00e7\u00f5es para os poss\u00edveis efeitos de chuvas e outros eventos extremos em toda a Bahia. Esse foi o motivo que levou o Instituto de Gest\u00e3o das \u00c1guas e Clima (Ing\u00e1) a se reunir com diversos \u00f3rg\u00e3os do governo estadual na \u00faltima ter\u00e7a-feira (18.01), na Casa Civil. No encontro estavam presentes representantes das secretarias de Meio Ambiente, da Sa\u00fade e de Desenvolvimento Social e Combate \u00e0 Pobreza, Instituto de Meio Ambiente (Ima), Coordena\u00e7\u00e3o de Defesa Civil do Estado (Cordec), Corpo de Bombeiros, Casa Militar, Conder, Volunt\u00e1rias Sociais e Embasa. O grupo apontou diretrizes para situa\u00e7\u00f5es de emerg\u00eancia em caso de grande quantidade de chuva e tamb\u00e9m para fatos relacionados a inc\u00eandios florestais e secas.<\/p>\n<p>De acordo com Gabriel Palma, diretor de Monitoramento e Informa\u00e7\u00e3o do Instituto, uma das atribui\u00e7\u00f5es do Ing\u00e1 \u00e9 disponibilizar para a sociedade a meteorologia do Estado para, inclusive, auxiliar decis\u00f5es de Estado em situa\u00e7\u00e3o de alerta. \u201cNessa opera\u00e7\u00e3o chuva, podemos contribuir com o monitoramento dos dados de chuva, emiss\u00e3o de boletim pluviom\u00e9trico di\u00e1rio, previs\u00e3o do tempo, que ser\u00e3o emitidos para todos os \u00f3rg\u00e3os institucionais\u201d, relata.<\/p>\n<p><!--more--><\/p>\n<p>A previs\u00e3o clim\u00e1tica para o Estado \u00e9 elaborada por meteorologistas do Centro Estadual de Meteorologia da Bahia (Cemba\/Ing\u00e1) com base nos resultados dos modelos num\u00e9ricos de previs\u00e3o clim\u00e1tica, nas discuss\u00f5es t\u00e9cnicas entre meteorologistas de todo o Nordeste e de institui\u00e7\u00f5es, como o Centro de Previs\u00e3o do Tempo e Estudos Clim\u00e1ticos do Instituto Nacional de Pesquisas Espaciais (CPTEC\/INPE) e do Instituto Nacional de Meteorologia (INMET). Todos os dados servem de subs\u00eddio ao planejamento, implementa\u00e7\u00e3o e desenvolvimento de pol\u00edticas p\u00fablicas ou a\u00e7\u00f5es da iniciativa privada e podem ser acessados no site do Ing\u00e1 (www.inga.ba.gov.br\/cemba).<\/p>\n<p>Palma lembrou que j\u00e1 existe uma parceria entre o Ing\u00e1, o Conselho Nacional de Desenvolvimento Cient\u00edfico e Tecnol\u00f3gico (CNPq) e a Cordec para constru\u00edrem juntos o projeto intitulado \u201cElabora\u00e7\u00e3o de Planos de Emerg\u00eancia e de Conting\u00eancia para Eventos Cr\u00edticos no Estado da Bahia\u201d, que ir\u00e1 propor uma rede de monitoramento adequada para subsidiar o sistema de alerta, bem como a cria\u00e7\u00e3o de uma sala de situa\u00e7\u00e3o que ir\u00e1 dar suporte \u00e0s a\u00e7\u00f5es do Estado e munic\u00edpios na preven\u00e7\u00e3o dos desastres naturais considerados eventos extremos. Previsto para iniciar no primeiro semestre de 2011, o projeto ir\u00e1 contratar, por 18 meses, tr\u00eas bolsistas especialistas na \u00e1rea de hidrologia, meteorologia e an\u00e1lise de sistemas ou geoprocessamento.<\/p>\n<p>Segundo o diretor-geral do Ing\u00e1, Wanderley Matos, tamb\u00e9m presente a reuni\u00e3o na Casa Civil, as a\u00e7\u00f5es previstas para o Plano de Emerg\u00eancia podem ser absorvidas dentro do Plano Estadual de Conting\u00eancia das Chuvas, que ser\u00e1 acompanhado pela Comiss\u00e3o de Resposta aos Danos das Chuvas formada pelos \u00f3rg\u00e3os envolvidos. \u201cA inten\u00e7\u00e3o \u00e9 trabalhar com a preven\u00e7\u00e3o aos acidentes e para isso o Ing\u00e1 apontou durante a reuni\u00e3o algumas necessidades urgentes, como: mapear as \u00e1reas de risco, criar uma sala de situa\u00e7\u00e3o, instituir a a\u00e7\u00e3o de acordo com a gravidade do problema, al\u00e9m de ampliar os boletins pluviom\u00e9tricos (chuvas), fluviom\u00e9tricos (rios) e meteorol\u00f3gicos telem\u00e9tricos (transmiss\u00e3o em tempo real)\u201d. <\/p>\n","protected":false},"excerpt":{"rendered":"<p>Tra\u00e7ar atribui\u00e7\u00f5es para os poss\u00edveis efeitos de chuvas e outros eventos extremos em toda a Bahia. Esse foi o motivo que levou o Instituto de Gest\u00e3o das \u00c1guas e Clima (Ing\u00e1) a se reunir com diversos \u00f3rg\u00e3os do governo estadual na \u00faltima ter\u00e7a-feira (18.01), na Casa Civil. No encontro estavam presentes representantes das secretarias de [&hellip;]<\/p>\n","protected":false},"author":2,"featured_media":0,"comment_status":"open","ping_status":"open","sticky":false,"template":"","format":"standard","meta":{"_links_to":"","_links_to_target":""},"categories":[29],"tags":[],"_links":{"self":[{"href":"https:\/\/www.r2cpress.com.br\/v1\/wp-json\/wp\/v2\/posts\/7107"}],"collection":[{"href":"https:\/\/www.r2cpress.com.br\/v1\/wp-json\/wp\/v2\/posts"}],"about":[{"href":"https:\/\/www.r2cpress.com.br\/v1\/wp-json\/wp\/v2\/types\/post"}],"author":[{"embeddable":true,"href":"https:\/\/www.r2cpress.com.br\/v1\/wp-json\/wp\/v2\/users\/2"}],"replies":[{"embeddable":true,"href":"https:\/\/www.r2cpress.com.br\/v1\/wp-json\/wp\/v2\/comments?post=7107"}],"version-history":[{"count":1,"href":"https:\/\/www.r2cpress.com.br\/v1\/wp-json\/wp\/v2\/posts\/7107\/revisions"}],"predecessor-version":[{"id":7108,"href":"https:\/\/www.r2cpress.com.br\/v1\/wp-json\/wp\/v2\/posts\/7107\/revisions\/7108"}],"wp:attachment":[{"href":"https:\/\/www.r2cpress.com.br\/v1\/wp-json\/wp\/v2\/media?parent=7107"}],"wp:term":[{"taxonomy":"category","embeddable":true,"href":"https:\/\/www.r2cpress.com.br\/v1\/wp-json\/wp\/v2\/categories?post=7107"},{"taxonomy":"post_tag","embeddable":true,"href":"https:\/\/www.r2cpress.com.br\/v1\/wp-json\/wp\/v2\/tags?post=7107"}],"curies":[{"name":"wp","href":"https:\/\/api.w.org\/{rel}","templated":true}]}}