{"id":71085,"date":"2013-08-30T19:55:42","date_gmt":"2013-08-30T22:55:42","guid":{"rendered":"http:\/\/www.r2cpress.com.br\/v1\/?p=71085"},"modified":"2013-08-30T19:55:42","modified_gmt":"2013-08-30T22:55:42","slug":"tenda-do-tpi-traz-novidades-na-programacao-de-setembro","status":"publish","type":"post","link":"https:\/\/www.r2cpress.com.br\/v1\/2013\/08\/30\/tenda-do-tpi-traz-novidades-na-programacao-de-setembro\/","title":{"rendered":"Tenda do TPI traz novidades  na programa\u00e7\u00e3o de setembro"},"content":{"rendered":"<div>A programa\u00e7\u00e3o de setembro da Tenda do Teatro Popular de Ilh\u00e9us (TPI) contar\u00e1 com novidades. As atividades mensais ser\u00e3o abertas com o II Oficinalha\u00e7o, neste domingo (1\u00ba) das 09 \u00e0s 18 horas e com entrada franca. O espa\u00e7o integrar\u00e1 o Festival Latino-Americano de Teatro da Bahia (FilteBahia). Al\u00e9m das montagens dos grupos residentes, o Bal\u00e9 Afro Dilazenze e a Trupe Ensaia Aqui e Acol\u00e1, de Pernambuco, completam a lista de convidados. E o Cineclube \u00c9quio Reis circula por bairros de Ilh\u00e9us, todas as ter\u00e7as-\u00a0\u00a0\u00a0\u00a0\u00a0\u00a0\u00a0\u00a0\u00a0 O II Oficinalha\u00e7o trabalhar\u00e1 inicia\u00e7\u00e3o \u00e0s t\u00e9cnicas de palha\u00e7o, direcionadas a grupos teatrais e pessoas interessadas na linguagem. Conduzidas por F\u00e1bio Nascimento e Ed Paix\u00e3o, as atividades gratuitas ser\u00e3o realizadas das 9 \u00e0s 18 horas. A oficina servir\u00e1 tamb\u00e9m como prepara\u00e7\u00e3o para a III Palhasseata, no m\u00eas de dezembro, que ter\u00e1 como tema as manifesta\u00e7\u00f5es populares.<\/p>\n<p>Entre os espet\u00e1culos teatrais est\u00e3o <i>Homens ajudam homens?<\/i>, do Grupo Teatro\/ Circo Maktub, no dia 06 e <i>Sir\u00e9, Ob\u00e1, A Festa do Rei<\/i>, do N\u00facleo Afro-brasileiro de Teatro, no dia 08, como parte da programa\u00e7\u00e3o do FilteBahia. No dia 17, a Trupe Ensaia Aqui e Acol\u00e1 encena <i>O Amor de Clotilde por um certo Leandro Dantas<\/i>. E nos dias 26 e 27, o Teatro Popular de Ilh\u00e9us traz <i>O Inspetor Geral<\/i>. Todas as pe\u00e7as ser\u00e3o apresentadas \u00e0s 20 horas.<\/p>\n<p><!--more--><\/p>\n<p>Na \u00e1rea da dan\u00e7a, segue o projeto de interc\u00e2mbios <i>Chamgement<\/i>, organizado pelo N\u00facleo de Dan\u00e7a do TPI. Neste m\u00eas, ser\u00e3o duas oficinas diferentes: dan\u00e7a para a melhor idade e tango. Os encontros ser\u00e3o nos dias 21 e 28 \u00e0s 17 horas. A inscri\u00e7\u00e3o custa R$ 10. E o Bal\u00e9 Afro Dilazenze apresenta o espet\u00e1culo <i>\u00c1frica Brasil<\/i>, nos dias 13 e 14, \u00e0s 20 horas.<\/p>\n<p>O Cineclube \u00c9quio Reis sai da Tenda do TPI, exibindo 15 curtas-metragens nacionais e internacionais. As proje\u00e7\u00f5es acontecer\u00e3o sempre \u00e0s ter\u00e7as-feiras a partir das 19 horas. O itiner\u00e1rio deste m\u00eas ser\u00e1: Nossa Senhora da Vit\u00f3ria, Conquista, Bas\u00edlio e Avenida Itabuna. As a\u00e7\u00f5es contam com apoio das comunidades locais.<\/p>\n<p>Entre os cursos e oficinas, a novidade \u00e9 o de M\u00edmica Corporal Dram\u00e1tica, ministrado por Jorge de Paula, da Trupe Ensaia Aqui e Acol\u00e1. O encontro ser\u00e1 gratuito, voltado para pessoas maiores de 12 anos e acontecer\u00e1 no dia 16, a partir das 14 horas. A Tenda do TPI segue com vagas abertas para aulas de bateria e percuss\u00e3o, dan\u00e7a afro, acrobacia em tecido, capoeira, viol\u00e3o e guitarra. Mais informa\u00e7\u00f5es pelo telefone (73) 4102-0580.<\/p>\n<p>Quem desejar pagar meia-entrada por um ano em todos os espet\u00e1culos da Tenda do Teatro Popular de Ilh\u00e9us e ainda ter 10% de desconto em cursos e oficinas, pode fazer o Cart\u00e3o TPI.\u00a0 Para isso, \u00e9 preciso preencher um cadastro com dados pessoais e pagar uma taxa de R$ 15.<\/p>\n<\/div>\n","protected":false},"excerpt":{"rendered":"<p>A programa\u00e7\u00e3o de setembro da Tenda do Teatro Popular de Ilh\u00e9us (TPI) contar\u00e1 com novidades. As atividades mensais ser\u00e3o abertas com o II Oficinalha\u00e7o, neste domingo (1\u00ba) das 09 \u00e0s 18 horas e com entrada franca. O espa\u00e7o integrar\u00e1 o Festival Latino-Americano de Teatro da Bahia (FilteBahia). Al\u00e9m das montagens dos grupos residentes, o Bal\u00e9 [&hellip;]<\/p>\n","protected":false},"author":2,"featured_media":0,"comment_status":"open","ping_status":"open","sticky":false,"template":"","format":"standard","meta":{"_links_to":"","_links_to_target":""},"categories":[5],"tags":[],"_links":{"self":[{"href":"https:\/\/www.r2cpress.com.br\/v1\/wp-json\/wp\/v2\/posts\/71085"}],"collection":[{"href":"https:\/\/www.r2cpress.com.br\/v1\/wp-json\/wp\/v2\/posts"}],"about":[{"href":"https:\/\/www.r2cpress.com.br\/v1\/wp-json\/wp\/v2\/types\/post"}],"author":[{"embeddable":true,"href":"https:\/\/www.r2cpress.com.br\/v1\/wp-json\/wp\/v2\/users\/2"}],"replies":[{"embeddable":true,"href":"https:\/\/www.r2cpress.com.br\/v1\/wp-json\/wp\/v2\/comments?post=71085"}],"version-history":[{"count":3,"href":"https:\/\/www.r2cpress.com.br\/v1\/wp-json\/wp\/v2\/posts\/71085\/revisions"}],"predecessor-version":[{"id":71088,"href":"https:\/\/www.r2cpress.com.br\/v1\/wp-json\/wp\/v2\/posts\/71085\/revisions\/71088"}],"wp:attachment":[{"href":"https:\/\/www.r2cpress.com.br\/v1\/wp-json\/wp\/v2\/media?parent=71085"}],"wp:term":[{"taxonomy":"category","embeddable":true,"href":"https:\/\/www.r2cpress.com.br\/v1\/wp-json\/wp\/v2\/categories?post=71085"},{"taxonomy":"post_tag","embeddable":true,"href":"https:\/\/www.r2cpress.com.br\/v1\/wp-json\/wp\/v2\/tags?post=71085"}],"curies":[{"name":"wp","href":"https:\/\/api.w.org\/{rel}","templated":true}]}}