{"id":7112,"date":"2011-01-21T14:03:22","date_gmt":"2011-01-21T17:03:22","guid":{"rendered":"http:\/\/www.r2cpress.com.br\/v1\/?p=7112"},"modified":"2011-01-21T14:03:22","modified_gmt":"2011-01-21T17:03:22","slug":"igreja-assembleia-de-deus-fraternal-de-ilheus-sera-inaugurada-nesta-segunda-feira","status":"publish","type":"post","link":"https:\/\/www.r2cpress.com.br\/v1\/2011\/01\/21\/igreja-assembleia-de-deus-fraternal-de-ilheus-sera-inaugurada-nesta-segunda-feira\/","title":{"rendered":"Igreja Assembl\u00e9ia de Deus Fraternal de Ilh\u00e9us ser\u00e1 inaugurada nesta segunda-feira"},"content":{"rendered":"<p>A Igreja Assembl\u00e9ia de Deus Fraternal de Ilh\u00e9us, localizada na Avenida Ubaitaba, 1368, Parque Infantil\/Barra ser\u00e1 inaugurada nesta segunda-feira, 24, com a presen\u00e7a do pastor Israel Alves Ferreira, presidente da Conven\u00e7\u00e3o Fraternal de Ministros das Assembl\u00e9ias de Deus no estado da Bahia (CONFRAMADEB).<\/p>\n<p>\tDurante a semana de 24 a 30 de janeiro ser\u00e3o realizadas v\u00e1rias festividades com a participa\u00e7\u00e3o das cantoras Gleyde e Elaine Nobre (Salvador) e Maqueline (Gandu), dos pregadores Pr. Israel Ferreira, Pr. Henrique Braga, Pr. Francisco Oliveira e Pr. Jadson Ramos (Salvador) e Pr. Josu\u00e9 Brand\u00e3o (Feira de Santana), al\u00e9m de cantores e bandas locais.<\/p>\n","protected":false},"excerpt":{"rendered":"<p>A Igreja Assembl\u00e9ia de Deus Fraternal de Ilh\u00e9us, localizada na Avenida Ubaitaba, 1368, Parque Infantil\/Barra ser\u00e1 inaugurada nesta segunda-feira, 24, com a presen\u00e7a do pastor Israel Alves Ferreira, presidente da Conven\u00e7\u00e3o Fraternal de Ministros das Assembl\u00e9ias de Deus no estado da Bahia (CONFRAMADEB). Durante a semana de 24 a 30 de janeiro ser\u00e3o realizadas v\u00e1rias [&hellip;]<\/p>\n","protected":false},"author":2,"featured_media":0,"comment_status":"open","ping_status":"open","sticky":false,"template":"","format":"standard","meta":{"_links_to":"","_links_to_target":""},"categories":[28],"tags":[],"_links":{"self":[{"href":"https:\/\/www.r2cpress.com.br\/v1\/wp-json\/wp\/v2\/posts\/7112"}],"collection":[{"href":"https:\/\/www.r2cpress.com.br\/v1\/wp-json\/wp\/v2\/posts"}],"about":[{"href":"https:\/\/www.r2cpress.com.br\/v1\/wp-json\/wp\/v2\/types\/post"}],"author":[{"embeddable":true,"href":"https:\/\/www.r2cpress.com.br\/v1\/wp-json\/wp\/v2\/users\/2"}],"replies":[{"embeddable":true,"href":"https:\/\/www.r2cpress.com.br\/v1\/wp-json\/wp\/v2\/comments?post=7112"}],"version-history":[{"count":2,"href":"https:\/\/www.r2cpress.com.br\/v1\/wp-json\/wp\/v2\/posts\/7112\/revisions"}],"predecessor-version":[{"id":7114,"href":"https:\/\/www.r2cpress.com.br\/v1\/wp-json\/wp\/v2\/posts\/7112\/revisions\/7114"}],"wp:attachment":[{"href":"https:\/\/www.r2cpress.com.br\/v1\/wp-json\/wp\/v2\/media?parent=7112"}],"wp:term":[{"taxonomy":"category","embeddable":true,"href":"https:\/\/www.r2cpress.com.br\/v1\/wp-json\/wp\/v2\/categories?post=7112"},{"taxonomy":"post_tag","embeddable":true,"href":"https:\/\/www.r2cpress.com.br\/v1\/wp-json\/wp\/v2\/tags?post=7112"}],"curies":[{"name":"wp","href":"https:\/\/api.w.org\/{rel}","templated":true}]}}