{"id":71152,"date":"2013-09-01T11:10:51","date_gmt":"2013-09-01T14:10:51","guid":{"rendered":"http:\/\/www.r2cpress.com.br\/v1\/?p=71152"},"modified":"2013-09-01T11:10:51","modified_gmt":"2013-09-01T14:10:51","slug":"eua-tem-protestos-contra-possivel-acao-militar-do-pais-na-siria","status":"publish","type":"post","link":"https:\/\/www.r2cpress.com.br\/v1\/2013\/09\/01\/eua-tem-protestos-contra-possivel-acao-militar-do-pais-na-siria\/","title":{"rendered":"EUA t\u00eam protestos contra poss\u00edvel a\u00e7\u00e3o militar do pa\u00eds na S\u00edria"},"content":{"rendered":"<div>\n<h2 style=\"text-align: center;\">Manifestantes foram \u00e0s ruas na tarde deste s\u00e1bado ap\u00f3s fala de Obama.<\/h2>\n<h2 style=\"text-align: center;\">Presidente dos EUA decidiu fazer ataque, mas quer apoio do Congresso.<\/h2>\n<\/div>\n<div>\u00a0<img loading=\"lazy\" title=\"Manifestantes protestam contra poss\u00edvel a\u00e7\u00e3o militar dos EUA na S\u00edria em Los Angeles neste s\u00e1bado (31) (Foto: Joe Klamar\/AFP)\" alt=\"Manifestantes protestam contra poss\u00edvel a\u00e7\u00e3o militar dos EUA na S\u00edria em Los Angeles neste s\u00e1bado (31) (Foto: Joe Klamar\/AFP)\" src=\"http:\/\/s2.glbimg.com\/8ZCyPdLdQQ4z_ulEX9-aegKWhKE=\/s.glbimg.com\/jo\/g1\/f\/original\/2013\/08\/31\/protesto1_1.jpg\" width=\"587\" height=\"441\" \/><\/div>\n<div>\n<div>\n<p><strong>Manifestantes protestam contra poss\u00edvel a\u00e7\u00e3o militar dos EUA na S\u00edria em Los Angeles neste s\u00e1bado (31) (Foto: Joe Klamar\/AFP)<\/strong><\/p>\n<\/div>\n<\/div>\n<p>Manifestantes foram \u00e0s ruas dos <a href=\"http:\/\/g1.globo.com\/topico\/estados-unidos\/\">Estados Unidos<\/a> na tarde deste s\u00e1bado (31) depois que o presidente Barack Obama disse estar convicto de que uma interven\u00e7\u00e3o militar na S\u00edria \u00e9 necess\u00e1ria, ap\u00f3s evid\u00eancias do uso de armas qu\u00edmicas pelo pa\u00eds, e afirmar que est\u00e1 buscando apoio do Congresso.<\/p>\n<div><strong>saiba mais<\/strong><\/p>\n<ul>\n<li><a href=\"http:\/\/g1.globo.com\/revolta-arabe\/noticia\/2013\/08\/obama-decide-fazer-ataque-siria-mas-quer-apoio-do-congresso.html\">Obama decide fazer ataque \u00e0 S\u00edria, mas quer apoio do Congresso<\/a><\/li>\n<li><a href=\"http:\/\/g1.globo.com\/revolta-arabe\/noticia\/2013\/08\/inspetores-da-onu-deixam-siria-e-chegam-ao-libano.html\">Inspetores da ONU deixam a S\u00edria<\/a><\/li>\n<li><a href=\"http:\/\/g1.globo.com\/revolta-arabe\/noticia\/2013\/08\/acusacoes-dos-eua-sobre-armas-quimicas-sao-mentiras-diz-siria.html\">Acusa\u00e7\u00f5es dos EUA sobre armas qu\u00edmicas s\u00e3o &#8216;mentiras&#8217;, diz S\u00edria<\/a><\/li>\n<li><a href=\"http:\/\/g1.globo.com\/mundo\/noticia\/2013\/08\/franceses-sao-contra-ataque-a-siria-diz-pesquisa.html\">Franceses s\u00e3o contra ataque \u00e0 S\u00edria, diz pesquisa<\/a><\/li>\n<li><a href=\"http:\/\/g1.globo.com\/topico\/siria\/\">Leia as \u00faltimas not\u00edcias sobre o conflito<\/a><\/li>\n<li><a href=\"http:\/\/g1.globo.com\/revolta-arabe\/fotos\/2013\/08\/fotos-bombardeios-deixam-mortos-em-redutos-rebeldes-na-siria.html\">VEJA GALERIA DE FOTOS<\/a><\/li>\n<\/ul>\n<\/div>\n<p>Em Nova York, os protestos contra a poss\u00edvel a\u00e7\u00e3o militar dos EUA na <a href=\"http:\/\/g1.globo.com\/topico\/siria\/\">S\u00edria<\/a> ocorreu na Times Square. Manifesta\u00e7\u00f5es tamb\u00e9m ocorreram no centro de Los Angeles.<\/p>\n<p>Mais cedo, <a href=\"http:\/\/g1.globo.com\/revolta-arabe\/noticia\/2013\/08\/obama-decide-fazer-ataque-siria-mas-quer-apoio-do-congresso.html\">Obama afirmou haver ter conversado com l\u00edderes congressistas<\/a> e acreditar que o tema deva ser debatido.<\/p>\n<p>&#8220;Apesar de acreditar que eu tenha autoridade para realizar [um ataque] sem a autoriza\u00e7\u00e3o do Congresso, nosso pa\u00eds vai ser mais forte se n\u00f3s fizermos [a discuss\u00e3o]&#8221;, disse.<\/p>\n<p>&#8220;N\u00f3s estamos preparados para atacar, em qualquer momento que escolhermos&#8221;, afirmou Obama. O Congresso est\u00e1 atualmente em recesso e deve voltar aos trabalho no dia 9 de setembro.<\/p>\n<p>A interven\u00e7\u00e3o pode ser realizada &#8220;amanh\u00e3, daqui uma semana ou daqui um m\u00eas&#8221;, ressaltou Obama, sem especificar quando deve ocorrer. &#8220;N\u00e3o podemos e n\u00e3o iremos fechar os olhos para o que aconteceu em Damasco&#8221;, disse.<\/p>\n<p>Mais de 1,4 mil pessoas teriam sido mortas na a\u00e7\u00e3o, um ter\u00e7o delas crian\u00e7as, em mais de uma dezena de bairros na periferia de Damasco, ainda segundo a Casa Branca. Trata-se do &#8220;pior ataque qu\u00edmico do s\u00e9culo 21&#8221;, afirmou Obama, atribuindo a a\u00e7\u00e3o ao regime de Assad.<\/p>\n<div>\n<ul>\n<li><\/li>\n<\/ul>\n<p><img loading=\"lazy\" title=\"Em Nova York protestos ocorreram na Times Square (Foto: Carlo Allegri\/Reuters)\" alt=\"Em Nova York protestos ocorreram na Times Square (Foto: Carlo Allegri\/Reuters)\" src=\"http:\/\/s2.glbimg.com\/ZTL__eISJvMGq1BhoPssLnh-uwg=\/s.glbimg.com\/jo\/g1\/f\/original\/2013\/08\/31\/protesto2_1.jpg\" width=\"586\" height=\"440\" \/><strong><\/strong><\/div>\n<div><strong>Em Nova York protestos ocorreram na Times Square (Foto: Carlo Allegri\/Reuters)<\/strong><\/div>\n<div><\/div>\n<div>&#8212;<\/div>\n<div><strong>Do G1, em S\u00e3o Paulo<\/strong><\/div>\n<div>http:\/\/g1.globo.com\/revolta-arabe\/noticia\/2013\/08\/eua-tem-protestos-contra-possivel-acao-militar-do-pais-na-siria.html<\/div>\n","protected":false},"excerpt":{"rendered":"<p>Manifestantes foram \u00e0s ruas na tarde deste s\u00e1bado ap\u00f3s fala de Obama. Presidente dos EUA decidiu fazer ataque, mas quer apoio do Congresso. \u00a0 Manifestantes protestam contra poss\u00edvel a\u00e7\u00e3o militar dos EUA na S\u00edria em Los Angeles neste s\u00e1bado (31) (Foto: Joe Klamar\/AFP) Manifestantes foram \u00e0s ruas dos Estados Unidos na tarde deste s\u00e1bado (31) [&hellip;]<\/p>\n","protected":false},"author":2,"featured_media":0,"comment_status":"open","ping_status":"open","sticky":false,"template":"","format":"standard","meta":{"_links_to":"","_links_to_target":""},"categories":[13],"tags":[],"_links":{"self":[{"href":"https:\/\/www.r2cpress.com.br\/v1\/wp-json\/wp\/v2\/posts\/71152"}],"collection":[{"href":"https:\/\/www.r2cpress.com.br\/v1\/wp-json\/wp\/v2\/posts"}],"about":[{"href":"https:\/\/www.r2cpress.com.br\/v1\/wp-json\/wp\/v2\/types\/post"}],"author":[{"embeddable":true,"href":"https:\/\/www.r2cpress.com.br\/v1\/wp-json\/wp\/v2\/users\/2"}],"replies":[{"embeddable":true,"href":"https:\/\/www.r2cpress.com.br\/v1\/wp-json\/wp\/v2\/comments?post=71152"}],"version-history":[{"count":3,"href":"https:\/\/www.r2cpress.com.br\/v1\/wp-json\/wp\/v2\/posts\/71152\/revisions"}],"predecessor-version":[{"id":71155,"href":"https:\/\/www.r2cpress.com.br\/v1\/wp-json\/wp\/v2\/posts\/71152\/revisions\/71155"}],"wp:attachment":[{"href":"https:\/\/www.r2cpress.com.br\/v1\/wp-json\/wp\/v2\/media?parent=71152"}],"wp:term":[{"taxonomy":"category","embeddable":true,"href":"https:\/\/www.r2cpress.com.br\/v1\/wp-json\/wp\/v2\/categories?post=71152"},{"taxonomy":"post_tag","embeddable":true,"href":"https:\/\/www.r2cpress.com.br\/v1\/wp-json\/wp\/v2\/tags?post=71152"}],"curies":[{"name":"wp","href":"https:\/\/api.w.org\/{rel}","templated":true}]}}