{"id":71180,"date":"2013-09-02T00:01:13","date_gmt":"2013-09-02T03:01:13","guid":{"rendered":"http:\/\/www.r2cpress.com.br\/v1\/?p=71180"},"modified":"2013-09-02T09:32:43","modified_gmt":"2013-09-02T12:32:43","slug":"mensagem-da-semana-148","status":"publish","type":"post","link":"https:\/\/www.r2cpress.com.br\/v1\/2013\/09\/02\/mensagem-da-semana-148\/","title":{"rendered":"MENSAGEM DA SEMANA"},"content":{"rendered":"<p><b>Caros amigos e amigas,<\/b><\/p>\n<p align=\"center\"><b>\u00a0LEVANTE A CABE\u00c7A<\/b><\/p>\n<p>Levante sua cabe\u00e7a!<\/p>\n<p>N\u00e3o fique triste!<\/p>\n<p>Por que vai aborrecer-se, pelo que disseram de voc\u00ea?<\/p>\n<p>Por quanto tempo continuar\u00e1 queixando-se, reclamando?<\/p>\n<p>Vamos, levante sua cabe\u00e7a e siga \u00e0 frente!<\/p>\n<p>Voc\u00ea \u00e9 filho de Deus!<\/p>\n<p>Caminhe seguro, porque aqueles que falam de voc\u00ea v\u00e3o ficar parados atr\u00e1s, sem progredir.<\/p>\n<p>E quando eles perceberem, voc\u00ea j\u00e1 progrediu tanto, que eles o perderam de vista&#8230;(C.Torres Pastorino)<\/p>\n<p><i>Que todos tenham uma semana d<\/i>e PAZ e LUZ, repleta de SA\u00daDE e a BEN\u00c7\u00c3O misericordiosa de DEUS, que \u00e9 um Pai de infinita bondade e amor.<\/p>\n<p align=\"center\">\u00a0<b>Z\u00c9CARLOS JUNIOR<\/b><\/p>\n<p>&nbsp;<\/p>\n","protected":false},"excerpt":{"rendered":"<p>Caros amigos e amigas, \u00a0LEVANTE A CABE\u00c7A Levante sua cabe\u00e7a! N\u00e3o fique triste! Por que vai aborrecer-se, pelo que disseram de voc\u00ea? Por quanto tempo continuar\u00e1 queixando-se, reclamando? Vamos, levante sua cabe\u00e7a e siga \u00e0 frente! Voc\u00ea \u00e9 filho de Deus! Caminhe seguro, porque aqueles que falam de voc\u00ea v\u00e3o ficar parados atr\u00e1s, sem progredir. [&hellip;]<\/p>\n","protected":false},"author":2,"featured_media":0,"comment_status":"open","ping_status":"open","sticky":false,"template":"","format":"standard","meta":{"_links_to":"","_links_to_target":""},"categories":[17],"tags":[],"_links":{"self":[{"href":"https:\/\/www.r2cpress.com.br\/v1\/wp-json\/wp\/v2\/posts\/71180"}],"collection":[{"href":"https:\/\/www.r2cpress.com.br\/v1\/wp-json\/wp\/v2\/posts"}],"about":[{"href":"https:\/\/www.r2cpress.com.br\/v1\/wp-json\/wp\/v2\/types\/post"}],"author":[{"embeddable":true,"href":"https:\/\/www.r2cpress.com.br\/v1\/wp-json\/wp\/v2\/users\/2"}],"replies":[{"embeddable":true,"href":"https:\/\/www.r2cpress.com.br\/v1\/wp-json\/wp\/v2\/comments?post=71180"}],"version-history":[{"count":2,"href":"https:\/\/www.r2cpress.com.br\/v1\/wp-json\/wp\/v2\/posts\/71180\/revisions"}],"predecessor-version":[{"id":71182,"href":"https:\/\/www.r2cpress.com.br\/v1\/wp-json\/wp\/v2\/posts\/71180\/revisions\/71182"}],"wp:attachment":[{"href":"https:\/\/www.r2cpress.com.br\/v1\/wp-json\/wp\/v2\/media?parent=71180"}],"wp:term":[{"taxonomy":"category","embeddable":true,"href":"https:\/\/www.r2cpress.com.br\/v1\/wp-json\/wp\/v2\/categories?post=71180"},{"taxonomy":"post_tag","embeddable":true,"href":"https:\/\/www.r2cpress.com.br\/v1\/wp-json\/wp\/v2\/tags?post=71180"}],"curies":[{"name":"wp","href":"https:\/\/api.w.org\/{rel}","templated":true}]}}