{"id":71183,"date":"2013-09-02T13:05:29","date_gmt":"2013-09-02T16:05:29","guid":{"rendered":"http:\/\/www.r2cpress.com.br\/v1\/?p=71183"},"modified":"2013-09-02T13:05:29","modified_gmt":"2013-09-02T16:05:29","slug":"pronatec-oferece-400-vagas-para-cursos-profissionalizantes-em-ilheus","status":"publish","type":"post","link":"https:\/\/www.r2cpress.com.br\/v1\/2013\/09\/02\/pronatec-oferece-400-vagas-para-cursos-profissionalizantes-em-ilheus\/","title":{"rendered":"Pronatec oferece 400 vagas para cursos profissionalizantes em Ilh\u00e9us"},"content":{"rendered":"<p><em><strong>As vagas s\u00e3o para agente de alimenta\u00e7\u00e3o escolar, assistente de planejamento e controle de produ\u00e7\u00e3o e de opera\u00e7\u00e3o de log\u00edstica portu\u00e1ria, auxiliar de fiscaliza\u00e7\u00e3o ambiental e administrativo, camareira, desenhista da constru\u00e7\u00e3o civil, fot\u00f3grafo, ingl\u00eas e espanhol aplicado ao turismo e operador de micro.<\/strong><\/em><\/p>\n<p>O Instituto Federal da Bahia (IFBA) e o ProgramaNacional de Acesso ao Ensino T\u00e9cnico e Emprego (Pronatec), em parceria com a Prefeitura de Ilh\u00e9us, atrav\u00e9s das secretarias municipais de Desenvolvimento Social (SDS) e Educa\u00e7\u00e3o (Seduc), oferecem novas 400 vagas para 11 cursos profissionalizantes. As inscri\u00e7\u00f5es ocorrem na sede da SDS, na Rua Vereador M\u00e1rio Alfredo, s\/n.<\/p>\n<p>Os cidad\u00e3os que quiserem se matricular em uma das \u00e1reas e j\u00e1 s\u00e3o cadastrados no programa, devem se dirigir \u00e0 secretaria at\u00e9esta ter\u00e7a-feira, dia 3, com o comprovante de inscri\u00e7\u00e3o e documentos de identifica\u00e7\u00e3o. J\u00e1 quem far\u00e1 o cadastro pela primeira vez dever\u00e1 comparecer \u00e0 sede do \u00f3rg\u00e3o nas pr\u00f3ximas quarta, quinta e sexta-feira, dias 4, 5 e 6, munidos com documentos de identidade.<\/p>\n<p>Ap\u00f3s o cadastramento na SDS, o candidato deve procurar a equipe do Pronatec, no Instituto Municipal de Ensino Eus\u00ednio Lavigne (IME-Centro), no per\u00edodo da noite, a partir desde ter\u00e7a-feira, dia 3, para confirmar a inscri\u00e7\u00e3o, portando os seguintes documentos: CPF, Registro Geral (identidade) e os comprovantes de resid\u00eancia e de escolaridade. As aulas est\u00e3o previstas para iniciar no pr\u00f3ximodia 30 e se estendem at\u00e9 o m\u00eas de dezembro, nos per\u00edodos vespertino e noturno, no IME e no campus do IFBA-Ilh\u00e9us, Rodovia Ilh\u00e9us \u2013Itabuna, KM 13.<\/p>\n<p><!--more--><\/p>\n<p>H\u00e1 vagas para os cursos de agente de alimenta\u00e7\u00e3o escolar, assistente de planejamento e controle de produ\u00e7\u00e3o, assistente de opera\u00e7\u00e3o de log\u00edstica portu\u00e1ria, auxiliar de fiscaliza\u00e7\u00e3o ambiental, auxiliar administrativo, camareira em meios de hospedagem, desenhista da constru\u00e7\u00e3o civil, fot\u00f3grafo, espanhol aplicado a servi\u00e7os tur\u00edsticos, operador de computador e ingl\u00eas aplicado a servi\u00e7os tur\u00edsticos.<\/p>\n<p>O secret\u00e1rio de Desenvolvimento Social, Jamil Ock\u00e9,ressalta que para participa\u00e7\u00e3o nos cursos \u00e9 importante que o candidato tenha comprometimento, assiduidade, pontualidade bem como responsabilidade para o cumprimento das atividades e avalia\u00e7\u00f5es relacionadas.\u201cOs cursos do Pronatec garantem o conhecimento t\u00e9cnico ao aluno para que estes tenham reais oportunidades de competir no mercado de trabalho\u201d, observa Ock\u00e9.<\/p>\n<p>Qualifica\u00e7\u00e3o \u2013 Os cursos de forma\u00e7\u00e3o inicial e continuada e qualifica\u00e7\u00e3o profissional s\u00e3o alicerces para os estudantes e pessoas que est\u00e3o fora do mercado de trabalho t\u00eam para se qualificar e lutar por um emprego. O programa que foi institu\u00eddo pela Lei Federal 12.513\/11 visa oferecer oito milh\u00f5es de vagas, com prioridade, para estudantes de ensino m\u00e9dio da rede p\u00fablica, trabalhadores e benefici\u00e1rios de programas federais al\u00e9m de incluir fam\u00edlias de baixa renda, pessoas inscritas no Sistema Nacional de Emprego (SINE) ou que est\u00e3o em situa\u00e7\u00e3o de Seguro-Desemprego.<\/p>\n<p>&#8212;<br \/>\nSecretaria de Comunica\u00e7\u00e3o Social (Secom)<br \/>\nIlh\u00e9us \u2013 02.09.2013<\/p>\n","protected":false},"excerpt":{"rendered":"<p>As vagas s\u00e3o para agente de alimenta\u00e7\u00e3o escolar, assistente de planejamento e controle de produ\u00e7\u00e3o e de opera\u00e7\u00e3o de log\u00edstica portu\u00e1ria, auxiliar de fiscaliza\u00e7\u00e3o ambiental e administrativo, camareira, desenhista da constru\u00e7\u00e3o civil, fot\u00f3grafo, ingl\u00eas e espanhol aplicado ao turismo e operador de micro. O Instituto Federal da Bahia (IFBA) e o ProgramaNacional de Acesso ao [&hellip;]<\/p>\n","protected":false},"author":2,"featured_media":0,"comment_status":"open","ping_status":"open","sticky":false,"template":"","format":"standard","meta":{"_links_to":"","_links_to_target":""},"categories":[23],"tags":[],"_links":{"self":[{"href":"https:\/\/www.r2cpress.com.br\/v1\/wp-json\/wp\/v2\/posts\/71183"}],"collection":[{"href":"https:\/\/www.r2cpress.com.br\/v1\/wp-json\/wp\/v2\/posts"}],"about":[{"href":"https:\/\/www.r2cpress.com.br\/v1\/wp-json\/wp\/v2\/types\/post"}],"author":[{"embeddable":true,"href":"https:\/\/www.r2cpress.com.br\/v1\/wp-json\/wp\/v2\/users\/2"}],"replies":[{"embeddable":true,"href":"https:\/\/www.r2cpress.com.br\/v1\/wp-json\/wp\/v2\/comments?post=71183"}],"version-history":[{"count":2,"href":"https:\/\/www.r2cpress.com.br\/v1\/wp-json\/wp\/v2\/posts\/71183\/revisions"}],"predecessor-version":[{"id":71185,"href":"https:\/\/www.r2cpress.com.br\/v1\/wp-json\/wp\/v2\/posts\/71183\/revisions\/71185"}],"wp:attachment":[{"href":"https:\/\/www.r2cpress.com.br\/v1\/wp-json\/wp\/v2\/media?parent=71183"}],"wp:term":[{"taxonomy":"category","embeddable":true,"href":"https:\/\/www.r2cpress.com.br\/v1\/wp-json\/wp\/v2\/categories?post=71183"},{"taxonomy":"post_tag","embeddable":true,"href":"https:\/\/www.r2cpress.com.br\/v1\/wp-json\/wp\/v2\/tags?post=71183"}],"curies":[{"name":"wp","href":"https:\/\/api.w.org\/{rel}","templated":true}]}}