{"id":71186,"date":"2013-09-02T13:15:49","date_gmt":"2013-09-02T16:15:49","guid":{"rendered":"http:\/\/www.r2cpress.com.br\/v1\/?p=71186"},"modified":"2013-09-02T13:15:49","modified_gmt":"2013-09-02T16:15:49","slug":"pt-encerra-prazo-para-regularizacao-de-filiados-e-everaldo-anunciacao-devera-ter-75-dos-votos","status":"publish","type":"post","link":"https:\/\/www.r2cpress.com.br\/v1\/2013\/09\/02\/pt-encerra-prazo-para-regularizacao-de-filiados-e-everaldo-anunciacao-devera-ter-75-dos-votos\/","title":{"rendered":"PT encerra prazo para regulariza\u00e7\u00e3o de filiados e  Everaldo Anuncia\u00e7\u00e3o dever\u00e1 ter 75% dos votos."},"content":{"rendered":"<p>O PT encerrou na \u00faltima sexta-feira (30) o prazo para a regulariza\u00e7\u00e3o, junto ao partido, das pessoas que poder\u00e3o votar no PED-Processo de Elei\u00e7\u00e3o Direta que vai escolher seu novo comando, no dia dez de novembro. Ter\u00e3o direito a voto 44 mil dos 90 mil filiados (as).<\/p>\n<p>Cinco candidatos se inscreveram para a disputa, mas o sindicalista Everaldo Anuncia\u00e7\u00e3o se destaca como o grande favorito, pois tem o maior n\u00famero de apoio. O presidente do PT Jonas Paulo e todos os quatro pr\u00e9-candidatos a governador, por exemplo, fazem parte da chapa. Tem tamb\u00e9m o apoio de todos os deputados federais e treze dos catorze deputados estaduais.<\/p>\n<p>Na executiva do partido, composta por 19 pessoas, ele tem 16. Everaldo que integra a CNB &#8211; Construindo um Novo Brasil, corrente liderada pelo ex-presidente Lula, conquistou a EPS- Esquerda Popular Socialista, Reencantar, DS &#8211; Democracia Socialista, 2 de Julho, EDP &#8211; Esquerda Democr\u00e1tica Popular, Milit\u00e2ncia Petista, Milit\u00e2ncia Merece Respeito e ARTCNB. Na avalia\u00e7\u00e3o da assessoria da campanha, Everaldo ter\u00e1 75% dos votos.<\/p>\n<p style=\"text-align: left;\"><b>\u00a0Perfil <\/b><\/p>\n<p>Everaldo Anuncia\u00e7\u00e3o, 53 anos, casado, tr\u00eas filhos,\u00a0anos, natural de Ilh\u00e9us \u00e9 servidor p\u00fablico federal. No movimento sindical foi presidente da Associa\u00e7\u00e3o dos T\u00e9cnicos Agr\u00edcolas do Cacau &#8211; Stac, diretor do Sintsef &#8211; Sindicato dos Servidores P\u00fablicos Federais da Bahia, Presidente da CUT- Regional Cacaueira,\u00a0 dirigente Estadual da CUT-Ba e coordenador da Troca de Informa\u00e7\u00f5es de Trabalhadores sobre\u00a0 Empresas Multinacionais \u2013Tie\/ Holanda.<\/p>\n<p>Foi tamb\u00e9m presidente do Diret\u00f3rio do PT de Ilh\u00e9us, vereador do PT de Itabuna (97\/2000), candidato a\u00a0 Vice-Governador do estado em 98 na chapa encabe\u00e7ada\u00a0 pelo atual Deputado Federal\u00a0 Zez\u00e9u Ribeiro, coordenador da campanha vitoriosa do PT ao Senado em 2010 e Diretor Geral Adjunto da CEPLAC no primeiro governo do ex-presidente Lula.<\/p>\n<p>&#8212;<\/p>\n<p>Marival Guedes<\/p>\n","protected":false},"excerpt":{"rendered":"<p>O PT encerrou na \u00faltima sexta-feira (30) o prazo para a regulariza\u00e7\u00e3o, junto ao partido, das pessoas que poder\u00e3o votar no PED-Processo de Elei\u00e7\u00e3o Direta que vai escolher seu novo comando, no dia dez de novembro. Ter\u00e3o direito a voto 44 mil dos 90 mil filiados (as). Cinco candidatos se inscreveram para a disputa, mas [&hellip;]<\/p>\n","protected":false},"author":2,"featured_media":0,"comment_status":"open","ping_status":"open","sticky":false,"template":"","format":"standard","meta":{"_links_to":"","_links_to_target":""},"categories":[22],"tags":[],"_links":{"self":[{"href":"https:\/\/www.r2cpress.com.br\/v1\/wp-json\/wp\/v2\/posts\/71186"}],"collection":[{"href":"https:\/\/www.r2cpress.com.br\/v1\/wp-json\/wp\/v2\/posts"}],"about":[{"href":"https:\/\/www.r2cpress.com.br\/v1\/wp-json\/wp\/v2\/types\/post"}],"author":[{"embeddable":true,"href":"https:\/\/www.r2cpress.com.br\/v1\/wp-json\/wp\/v2\/users\/2"}],"replies":[{"embeddable":true,"href":"https:\/\/www.r2cpress.com.br\/v1\/wp-json\/wp\/v2\/comments?post=71186"}],"version-history":[{"count":3,"href":"https:\/\/www.r2cpress.com.br\/v1\/wp-json\/wp\/v2\/posts\/71186\/revisions"}],"predecessor-version":[{"id":71189,"href":"https:\/\/www.r2cpress.com.br\/v1\/wp-json\/wp\/v2\/posts\/71186\/revisions\/71189"}],"wp:attachment":[{"href":"https:\/\/www.r2cpress.com.br\/v1\/wp-json\/wp\/v2\/media?parent=71186"}],"wp:term":[{"taxonomy":"category","embeddable":true,"href":"https:\/\/www.r2cpress.com.br\/v1\/wp-json\/wp\/v2\/categories?post=71186"},{"taxonomy":"post_tag","embeddable":true,"href":"https:\/\/www.r2cpress.com.br\/v1\/wp-json\/wp\/v2\/tags?post=71186"}],"curies":[{"name":"wp","href":"https:\/\/api.w.org\/{rel}","templated":true}]}}