{"id":71197,"date":"2013-09-02T15:38:06","date_gmt":"2013-09-02T18:38:06","guid":{"rendered":"http:\/\/www.r2cpress.com.br\/v1\/?p=71197"},"modified":"2013-09-02T15:38:06","modified_gmt":"2013-09-02T18:38:06","slug":"campanha-de-multivacinacao-e-prorrogada-em-ilheus","status":"publish","type":"post","link":"https:\/\/www.r2cpress.com.br\/v1\/2013\/09\/02\/campanha-de-multivacinacao-e-prorrogada-em-ilheus\/","title":{"rendered":"Campanha de Multivacina\u00e7\u00e3o \u00e9 prorrogada em Ilh\u00e9us"},"content":{"rendered":"<p><em><strong>Nesta ter\u00e7a-feira, dia 3, haver\u00e1 vacina\u00e7\u00e3o, na parte da manh\u00e3, nos postos CAE III, Sarah Kubitschek, no Malhado, na Policl\u00ednica da Conquista e no PSF do Salobrinho.<\/strong><\/em><\/p>\n<p>Em raz\u00e3o das dificuldades encontradas durante a Campanha Nacional de Multivacina\u00e7\u00e3o, na semana passada, em Ilh\u00e9us, por causa da greve dos servidores p\u00fablicos municipais, a Prefeitura, atrav\u00e9s da Secretaria de Sa\u00fade (Sesau) prorrogou a vacina\u00e7\u00e3o de crian\u00e7as menores de cinco anos at\u00e9 a pr\u00f3xima sexta-feira, dia 6. Mas a abertura dos postos de vacina\u00e7\u00e3o continua dependendo da presen\u00e7a dos funcion\u00e1rios, como enfermeiras e t\u00e9cnicos de enfermagem, sob a media\u00e7\u00e3o dos sindicatos representativos dos servidores da Sa\u00fade.<\/p>\n<p>Nesta ter\u00e7a-feira, dia 3, haver\u00e1 vacina\u00e7\u00e3o, na parte da manh\u00e3, nos postos CAE III, Sarah Kubitschek, no Malhado, na Policl\u00ednica da Conquista e no PSF do Salobrinho. No Centro de Sa\u00fade Avan\u00e7ado da Zona Sul, no bairro Hernani S\u00e1, haver\u00e1 vacina\u00e7\u00e3o nestas ter\u00e7a e quarta-feira, das 17h30 \u00e0s 20h30. No posto de sa\u00fade de Oliven\u00e7a, as vacinas ser\u00e3o aplicadas na quarta-feira, dia 4, durante todo o dia.<\/p>\n<p>Segundo informa\u00e7\u00e3o da supervisora de Imuniza\u00e7\u00e3o da secretaria, Walk\u00edria Cardeal, at\u00e9 a \u00faltima sexta-feira foram vacinadas em Ilh\u00e9us 4.578 crian\u00e7as menores de cinco anos, ou seja, 74,57% das que compareceram aos postos de vacina\u00e7\u00e3o. Nesta segunda-feira, dia 2, houve vacina\u00e7\u00e3o apenas no CAE III (antigo Sesp), pela manh\u00e3.<\/p>\n<p>&#8212;<br \/>\nSecretaria de Comunica\u00e7\u00e3o Social (Secom)<br \/>\nIlh\u00e9us \u2013 02.09.2013<\/p>\n","protected":false},"excerpt":{"rendered":"<p>Nesta ter\u00e7a-feira, dia 3, haver\u00e1 vacina\u00e7\u00e3o, na parte da manh\u00e3, nos postos CAE III, Sarah Kubitschek, no Malhado, na Policl\u00ednica da Conquista e no PSF do Salobrinho. Em raz\u00e3o das dificuldades encontradas durante a Campanha Nacional de Multivacina\u00e7\u00e3o, na semana passada, em Ilh\u00e9us, por causa da greve dos servidores p\u00fablicos municipais, a Prefeitura, atrav\u00e9s da [&hellip;]<\/p>\n","protected":false},"author":2,"featured_media":0,"comment_status":"open","ping_status":"open","sticky":false,"template":"","format":"standard","meta":{"_links_to":"","_links_to_target":""},"categories":[23],"tags":[],"_links":{"self":[{"href":"https:\/\/www.r2cpress.com.br\/v1\/wp-json\/wp\/v2\/posts\/71197"}],"collection":[{"href":"https:\/\/www.r2cpress.com.br\/v1\/wp-json\/wp\/v2\/posts"}],"about":[{"href":"https:\/\/www.r2cpress.com.br\/v1\/wp-json\/wp\/v2\/types\/post"}],"author":[{"embeddable":true,"href":"https:\/\/www.r2cpress.com.br\/v1\/wp-json\/wp\/v2\/users\/2"}],"replies":[{"embeddable":true,"href":"https:\/\/www.r2cpress.com.br\/v1\/wp-json\/wp\/v2\/comments?post=71197"}],"version-history":[{"count":2,"href":"https:\/\/www.r2cpress.com.br\/v1\/wp-json\/wp\/v2\/posts\/71197\/revisions"}],"predecessor-version":[{"id":71199,"href":"https:\/\/www.r2cpress.com.br\/v1\/wp-json\/wp\/v2\/posts\/71197\/revisions\/71199"}],"wp:attachment":[{"href":"https:\/\/www.r2cpress.com.br\/v1\/wp-json\/wp\/v2\/media?parent=71197"}],"wp:term":[{"taxonomy":"category","embeddable":true,"href":"https:\/\/www.r2cpress.com.br\/v1\/wp-json\/wp\/v2\/categories?post=71197"},{"taxonomy":"post_tag","embeddable":true,"href":"https:\/\/www.r2cpress.com.br\/v1\/wp-json\/wp\/v2\/tags?post=71197"}],"curies":[{"name":"wp","href":"https:\/\/api.w.org\/{rel}","templated":true}]}}