{"id":71200,"date":"2013-09-02T15:50:43","date_gmt":"2013-09-02T18:50:43","guid":{"rendered":"http:\/\/www.r2cpress.com.br\/v1\/?p=71200"},"modified":"2013-09-02T15:52:50","modified_gmt":"2013-09-02T18:52:50","slug":"12a-edicao-do-feijao-companheiro-da-cdl-de-ilheus-reune-cerca-de-400-pessoas-e-premia-16-profissionais-e-veiculos-de-comunicacao","status":"publish","type":"post","link":"https:\/\/www.r2cpress.com.br\/v1\/2013\/09\/02\/12a-edicao-do-feijao-companheiro-da-cdl-de-ilheus-reune-cerca-de-400-pessoas-e-premia-16-profissionais-e-veiculos-de-comunicacao\/","title":{"rendered":"12\u00aa EDI\u00c7\u00c3O DO FEIJ\u00c3O COMPANHEIRO DA CDL DE ILH\u00c9US RE\u00daNE CERCA DE 400 PESSOAS E PREMIA 16 PROFISSIONAIS E VE\u00cdCULOS DE COMUNICA\u00c7\u00c3O"},"content":{"rendered":"<p>O evento da C\u00e2mara de Dirigentes Lojistas de Ilh\u00e9us foi realizado na tarde do \u00faltimo s\u00e1bado (31.08) na Apcef \u2013 Associa\u00e7\u00e3o do Pessoal da Caixa Econ\u00f4mica Federal, na zona sul da cidade e reuniu cerca de quatrocentas pessoas, entre empres\u00e1rios, autoridades pol\u00edticas e militares, al\u00e9m dos profissionais da imprensa, homenageados na oportunidade.<\/p>\n<p>Numa tarde de confraterniza\u00e7\u00e3o, dezesseis profissionais e ve\u00edculos de comunica\u00e7\u00e3o receberam o Trof\u00e9u Oct\u00e1vio Moura 2013. \u201cEssa \u00e9 uma homenagem que prestamos aos ve\u00edculos e profissionais de imprensa da regi\u00e3o pelo trabalho de divulga\u00e7\u00e3o das a\u00e7\u00f5es e eventos da Cdl que realizam ao longo do ano. O papel deles \u00e9 de fundamental import\u00e2ncia para que as a\u00e7\u00f5es sejam um sucesso e, consequentemente, haja o crescimento do nosso com\u00e9rcio\u201d, explicou Paulo Ganem, presidente da entidade.<\/p>\n<p>O radialista, que tamb\u00e9m foi presidente do Colo Colo Futebol e Regatas, Z\u00e9 Maria, recebeu uma homenagem especial pelo brilhante trabalho feito com o time que em 2006 conseguiu ser Campe\u00e3o Baiano, depois de 30 anos em que s\u00f3 o Bahia e o Vit\u00f3ria se revezavam ao levantar a ta\u00e7a.<\/p>\n<p>A presidente da Associa\u00e7\u00e3o Sonho Meu, Isabel Tavares, esteve com uma equipe da associa\u00e7\u00e3o, al\u00e9m de uma m\u00e3e e um aluno que recebe atendimento especializado de gra\u00e7a, e agradeceu a colabora\u00e7\u00e3o dos convidados que doaram os alimentos que ser\u00e3o repassados pela Cdl \u00e0 Associa\u00e7\u00e3o. \u201cQueremos agradecer a todos, mas tamb\u00e9m aproveitar a oportunidade para que voc\u00eas da imprensa n\u00e3o deixem um trabalho t\u00e3o importante como o da Associa\u00e7\u00e3o Sonho Meu morrer. Atendemos a cerca de 70 adolescentes e adultos especiais e estamos com s\u00e9rias dificuldades desde que o conv\u00eanio com a prefeitura n\u00e3o foi renovado\u201d, apelou\u00a0 Isabel.<\/p>\n<p>Enquanto os convidados comiam feijoada, acaraj\u00e9 e participavam do sorteio de brindes, a anima\u00e7\u00e3o ficou por conta da banda Frisson. \u201cUma tarde de confraterniza\u00e7\u00e3o muito agrad\u00e1vel entre empres\u00e1rios, imprensa, pol\u00edticos, patrocinadores, enfim, \u00e9 dessa uni\u00e3o que precisamos para juntos conseguirmos alavancar o com\u00e9rcio e a nossa cidade. N\u00f3s da diretoria da Cdl de Ilh\u00e9us estamos muito felizes\u201d, finalizou Paulo.<\/p>\n<p style=\"text-align: left;\" align=\"center\">O evento contou ainda com a participa\u00e7\u00e3o do prefeito de Ilh\u00e9us, Jabes Ribeiro, do vice-prefeito e secret\u00e1rio de Ind\u00fastria e Com\u00e9rcio, Carlos Machado (Cac\u00e1), com o presidente da Cdl de Itabuna, Jorge Braga, al\u00e9m de diretores da ACI e do Sindicato do Com\u00e9rcio de Itabuna.<\/p>\n<p align=\"center\"><b>RELA\u00c7\u00c3O DOS VE\u00cdCULOS E PROFISSIONAIS DE COMINICA\u00c7\u00c3O PREMIADOS NO FEIJ\u00c3O COMPANHEIRO 2013 DA CDL DE ILH\u00c9US<\/b><\/p>\n<p><b>\u00a0VE\u00cdCULO DE TV = TV SANTA CRUZ<\/b><\/p>\n<p><b>R\u00c1DIO FM = BAHIA FM SUL<\/b><\/p>\n<p><b>R\u00c1DIO AM = BAHIANA AM<\/b><\/p>\n<p><b>JORNAL IMPRESSO = DI\u00c1RIO DE ILH\u00c9US<\/b><\/p>\n<p><b>REVISTA =\u00a0 FOLHA DA PRAIA<\/b><\/p>\n<p><b>SITE DE INFORMA\u00c7\u00c3O =\u00a0 R2CPRESS<\/b><\/p>\n<p><b>BLOG= SARRAFO<\/b><\/p>\n<p><b>JORNALISTA 1 = ROBERTO RABAT<\/b><\/p>\n<p><b>JORNALISTA 2= JULIANA DE MOURA<\/b><\/p>\n<p><b>RADIALISTA 1 =<\/b><b> ARIEL FIGUEIROA<\/b><\/p>\n<p><b>RADIALISTA 2= CIRO ZATELE<\/b><\/p>\n<p><b>RADIALISTA 3 = VILA NOVA<\/b><\/p>\n<p><b>RADIALISTA 4 = GIL GOMES<\/b><\/p>\n<p><b>PROGRAMA DE R\u00c1DIO =\u00a0 TROPA DE ELITE (MARINHO SANTOS E ROBERTINHO SCARPITA)<\/b><\/p>\n<p><b>AG\u00caNCIA DE <\/b><b>PUBLICIDADE<\/b><b> = MAXIM\u00cdDIA (RILDO MOTA)<\/b><\/p>\n<p><b>FOT\u00d3GRAFO = CLODOALDO RIBEIRO<\/b><\/p>\n<p><b> Veja FOTOS clicando<\/b> <a href=\"https:\/\/picasaweb.google.com\/r2cpress\/FeijaoCompanheiroCDLPREMIOJORNALISTAOTAVIOMOURALOCALBOCADUMAR06082011#5918786431608123602\" target=\"_news\"><b>AQUI<\/b><\/a> <strong>e depois na SETA para AVAN\u00c7AR. <\/strong><\/p>\n","protected":false},"excerpt":{"rendered":"<p>O evento da C\u00e2mara de Dirigentes Lojistas de Ilh\u00e9us foi realizado na tarde do \u00faltimo s\u00e1bado (31.08) na Apcef \u2013 Associa\u00e7\u00e3o do Pessoal da Caixa Econ\u00f4mica Federal, na zona sul da cidade e reuniu cerca de quatrocentas pessoas, entre empres\u00e1rios, autoridades pol\u00edticas e militares, al\u00e9m dos profissionais da imprensa, homenageados na oportunidade. Numa tarde de [&hellip;]<\/p>\n","protected":false},"author":2,"featured_media":0,"comment_status":"open","ping_status":"open","sticky":false,"template":"","format":"standard","meta":{"_links_to":"","_links_to_target":""},"categories":[19],"tags":[],"_links":{"self":[{"href":"https:\/\/www.r2cpress.com.br\/v1\/wp-json\/wp\/v2\/posts\/71200"}],"collection":[{"href":"https:\/\/www.r2cpress.com.br\/v1\/wp-json\/wp\/v2\/posts"}],"about":[{"href":"https:\/\/www.r2cpress.com.br\/v1\/wp-json\/wp\/v2\/types\/post"}],"author":[{"embeddable":true,"href":"https:\/\/www.r2cpress.com.br\/v1\/wp-json\/wp\/v2\/users\/2"}],"replies":[{"embeddable":true,"href":"https:\/\/www.r2cpress.com.br\/v1\/wp-json\/wp\/v2\/comments?post=71200"}],"version-history":[{"count":5,"href":"https:\/\/www.r2cpress.com.br\/v1\/wp-json\/wp\/v2\/posts\/71200\/revisions"}],"predecessor-version":[{"id":71204,"href":"https:\/\/www.r2cpress.com.br\/v1\/wp-json\/wp\/v2\/posts\/71200\/revisions\/71204"}],"wp:attachment":[{"href":"https:\/\/www.r2cpress.com.br\/v1\/wp-json\/wp\/v2\/media?parent=71200"}],"wp:term":[{"taxonomy":"category","embeddable":true,"href":"https:\/\/www.r2cpress.com.br\/v1\/wp-json\/wp\/v2\/categories?post=71200"},{"taxonomy":"post_tag","embeddable":true,"href":"https:\/\/www.r2cpress.com.br\/v1\/wp-json\/wp\/v2\/tags?post=71200"}],"curies":[{"name":"wp","href":"https:\/\/api.w.org\/{rel}","templated":true}]}}