{"id":71206,"date":"2013-09-02T17:43:31","date_gmt":"2013-09-02T20:43:31","guid":{"rendered":"http:\/\/www.r2cpress.com.br\/v1\/?p=71206"},"modified":"2013-09-02T17:43:31","modified_gmt":"2013-09-02T20:43:31","slug":"zona-sul-de-ilheus-e-contemplada-com-operacao-tapa-buracos","status":"publish","type":"post","link":"https:\/\/www.r2cpress.com.br\/v1\/2013\/09\/02\/zona-sul-de-ilheus-e-contemplada-com-operacao-tapa-buracos\/","title":{"rendered":"Zona Sul de Ilh\u00e9us \u00e9 contemplada com opera\u00e7\u00e3o tapa buracos"},"content":{"rendered":"<p><strong>A a\u00e7\u00e3o, iniciada no \u00faltimo dia 23\/08, j\u00e1 beneficiou as avenidas Soares Lopes, Lomanto J\u00fanior, Esperan\u00e7a e Lu\u00eds Eduardo Magalh\u00e3es, al\u00e9m de pontos do Teot\u00f4nio Vilela.<\/strong><\/p>\n<div id=\"attachment_71207\" style=\"width: 610px\" class=\"wp-caption aligncenter\"><a href=\"http:\/\/www.r2cpress.com.br\/v1\/wp-content\/uploads\/Opera\u00e7\u00e3o-Tapa-Buracos-no-Nelson-Costa-nesta-segunda-feira-02-09-2013-Foto-Gidelzo-Silva-Secom-Ilh\u00e9us-24.jpg\"><img aria-describedby=\"caption-attachment-71207\" loading=\"lazy\" src=\"http:\/\/www.r2cpress.com.br\/v1\/wp-content\/uploads\/Opera\u00e7\u00e3o-Tapa-Buracos-no-Nelson-Costa-nesta-segunda-feira-02-09-2013-Foto-Gidelzo-Silva-Secom-Ilh\u00e9us-24.jpg\" alt=\"Opera\u00e7\u00e3o Tapa-Buracos no Nelson Costa nesta segunda-feira (02-09-2013) Foto Gidelzo Silva - Secom Ilh\u00e9us.\" width=\"600\" height=\"320\" class=\"size-full wp-image-71207\" srcset=\"https:\/\/www.r2cpress.com.br\/v1\/wp-content\/uploads\/Opera\u00e7\u00e3o-Tapa-Buracos-no-Nelson-Costa-nesta-segunda-feira-02-09-2013-Foto-Gidelzo-Silva-Secom-Ilh\u00e9us-24.jpg 600w, https:\/\/www.r2cpress.com.br\/v1\/wp-content\/uploads\/Opera\u00e7\u00e3o-Tapa-Buracos-no-Nelson-Costa-nesta-segunda-feira-02-09-2013-Foto-Gidelzo-Silva-Secom-Ilh\u00e9us-24-300x160.jpg 300w\" sizes=\"(max-width: 600px) 100vw, 600px\" \/><\/a><p id=\"caption-attachment-71207\" class=\"wp-caption-text\">Opera\u00e7\u00e3o Tapa-Buracos no Nelson Costa nesta segunda-feira (02-09-2013) Foto Gidelzo Silva &#8211; Secom Ilh\u00e9us.<\/p><\/div>\n<p>Iniciada no \u00faltimo dia 23 de agosto, na Avenida Soares Lopes, a Opera\u00e7\u00e3o Tapa-Buracos segue beneficiando, de forma progressiva, diversas localidades de Ilh\u00e9us. Nesta segunda-feira, dia 2, o trabalho foi concentrado na Avenida Nossa Senhora Aparecida e nas ruas 13 de Maio e Coronel Pessoa, no bairro do Pontal. Executado pela Prefeitura Municipal, atrav\u00e9s da Secretaria de Desenvolvimento Urbano (Sedur), o trabalho j\u00e1 favoreceu v\u00e1rias ruas e avenidas da cidade.<\/p>\n<p>Mesmo prejudicada pelas fortes chuvas, que incidiram no munic\u00edpio nos \u00faltimos dias, a opera\u00e7\u00e3o j\u00e1 beneficiou, al\u00e9m da Soares Lopes, as avenidas Lomanto J\u00fanior, Esperan\u00e7a e Luis Eduardo Magalh\u00e3es bem como ruas do Bairro Teot\u00f4nio Vilela.<\/p>\n<p>A equipe operacional est\u00e1 atuando de forma coordenada, priorizando as vias com maiores problemas na pavimenta\u00e7\u00e3o. \u201cA ideia \u00e9 que fa\u00e7amos um trabalho di\u00e1rio, sempre considerando as condi\u00e7\u00f5es clim\u00e1ticas, porque n\u00e3o se pode fazer a recupera\u00e7\u00e3o das viasnos dias chuvosos\u201d, observa o titular da Sedur, Isaac Albagli.<\/p>\n<p>Recursos \u2013 Os recursos da ordem de R$ 575.758,42 foram captados atrav\u00e9s de conv\u00eanio celebrado entre a Prefeitura Municipal e o Governo do Estado, por meio da Companhia de Desenvolvimento Urbano do Estado (Conder).A a\u00e7\u00e3o est\u00e1 sendo executada pela empresa Mazza Engenharia LTDA, vencedora da licita\u00e7\u00e3o.<\/p>\n<p>&#8212;<br \/>\nSecretaria de Comunica\u00e7\u00e3o Social (Secom)<br \/>\nIlh\u00e9us \u2013 02.09.2013<\/p>\n","protected":false},"excerpt":{"rendered":"<p>A a\u00e7\u00e3o, iniciada no \u00faltimo dia 23\/08, j\u00e1 beneficiou as avenidas Soares Lopes, Lomanto J\u00fanior, Esperan\u00e7a e Lu\u00eds Eduardo Magalh\u00e3es, al\u00e9m de pontos do Teot\u00f4nio Vilela. Iniciada no \u00faltimo dia 23 de agosto, na Avenida Soares Lopes, a Opera\u00e7\u00e3o Tapa-Buracos segue beneficiando, de forma progressiva, diversas localidades de Ilh\u00e9us. Nesta segunda-feira, dia 2, o trabalho [&hellip;]<\/p>\n","protected":false},"author":2,"featured_media":0,"comment_status":"open","ping_status":"open","sticky":false,"template":"","format":"standard","meta":{"_links_to":"","_links_to_target":""},"categories":[23],"tags":[],"_links":{"self":[{"href":"https:\/\/www.r2cpress.com.br\/v1\/wp-json\/wp\/v2\/posts\/71206"}],"collection":[{"href":"https:\/\/www.r2cpress.com.br\/v1\/wp-json\/wp\/v2\/posts"}],"about":[{"href":"https:\/\/www.r2cpress.com.br\/v1\/wp-json\/wp\/v2\/types\/post"}],"author":[{"embeddable":true,"href":"https:\/\/www.r2cpress.com.br\/v1\/wp-json\/wp\/v2\/users\/2"}],"replies":[{"embeddable":true,"href":"https:\/\/www.r2cpress.com.br\/v1\/wp-json\/wp\/v2\/comments?post=71206"}],"version-history":[{"count":2,"href":"https:\/\/www.r2cpress.com.br\/v1\/wp-json\/wp\/v2\/posts\/71206\/revisions"}],"predecessor-version":[{"id":71209,"href":"https:\/\/www.r2cpress.com.br\/v1\/wp-json\/wp\/v2\/posts\/71206\/revisions\/71209"}],"wp:attachment":[{"href":"https:\/\/www.r2cpress.com.br\/v1\/wp-json\/wp\/v2\/media?parent=71206"}],"wp:term":[{"taxonomy":"category","embeddable":true,"href":"https:\/\/www.r2cpress.com.br\/v1\/wp-json\/wp\/v2\/categories?post=71206"},{"taxonomy":"post_tag","embeddable":true,"href":"https:\/\/www.r2cpress.com.br\/v1\/wp-json\/wp\/v2\/tags?post=71206"}],"curies":[{"name":"wp","href":"https:\/\/api.w.org\/{rel}","templated":true}]}}