{"id":71211,"date":"2013-09-02T19:17:41","date_gmt":"2013-09-02T22:17:41","guid":{"rendered":"http:\/\/www.r2cpress.com.br\/v1\/?p=71211"},"modified":"2013-09-02T19:17:41","modified_gmt":"2013-09-02T22:17:41","slug":"33o-congresso-estadual-do-comercio-lojista-da-bahia-sera-em-ilheus-e-itabuna-2","status":"publish","type":"post","link":"https:\/\/www.r2cpress.com.br\/v1\/2013\/09\/02\/33o-congresso-estadual-do-comercio-lojista-da-bahia-sera-em-ilheus-e-itabuna-2\/","title":{"rendered":"33\u00ba CONGRESSO ESTADUAL DO COM\u00c9RCIO LOJISTA DA BAHIA SER\u00c1 EM ILH\u00c9US E ITABUNA"},"content":{"rendered":"<h1 align=\"center\"><b>O jornalista Caco Barcellos ser\u00e1 um dos palestrantes<\/b><\/h1>\n<p>Considerado pela Federa\u00e7\u00e3o de C\u00e2mara de Dirigentes Lojistas da Bahia um dos eventos mais representativos do movimento lojista no estado, a trig\u00e9sima terceira edi\u00e7\u00e3o do Congresso Estadual do Com\u00e9rcio Lojista ser\u00e1 realizada nos dias 05 e 06 de setembro. A abertura ser\u00e1 no dia 05 \u00e0 noite, na AABB de Itabuna, onde ser\u00e1 comemorado o anivers\u00e1rio dos cinquenta anos da C\u00e2mara dos Dirigentes Lojistas da cidade. No dia 06, os congressistas v\u00e3o participar de palestras durante todo o dia no audit\u00f3rio Paulo Souto, na Universidade Estadual de Santa Cruz, em Ilh\u00e9us. O encerramento ser\u00e1 com uma grande festa de confraterniza\u00e7\u00e3o no Cana Brava Resort, tamb\u00e9m em Ilh\u00e9us.<\/p>\n<div id=\"attachment_71212\" style=\"width: 610px\" class=\"wp-caption aligncenter\"><a href=\"http:\/\/www.r2cpress.com.br\/v1\/wp-content\/uploads\/Audi\u00eancia-Gov-Ba-.jpg\"><img aria-describedby=\"caption-attachment-71212\" loading=\"lazy\" class=\"size-full wp-image-71212\" alt=\"Audi\u00eancia do governador Jaques Wagner com a Federa\u00e7\u00e3o das C\u00e2maras de Dirigentes Lojistas da Bahia (FCDL)\" src=\"http:\/\/www.r2cpress.com.br\/v1\/wp-content\/uploads\/Audi\u00eancia-Gov-Ba-.jpg\" width=\"600\" height=\"400\" srcset=\"https:\/\/www.r2cpress.com.br\/v1\/wp-content\/uploads\/Audi\u00eancia-Gov-Ba-.jpg 600w, https:\/\/www.r2cpress.com.br\/v1\/wp-content\/uploads\/Audi\u00eancia-Gov-Ba--300x200.jpg 300w\" sizes=\"(max-width: 600px) 100vw, 600px\" \/><\/a><p id=\"caption-attachment-71212\" class=\"wp-caption-text\">Audi\u00eancia do governador Jaques Wagner com a Federa\u00e7\u00e3o das C\u00e2maras de Dirigentes Lojistas da Bahia (FCDL)<\/p><\/div>\n<p>Para o presidente da CDL de Ilh\u00e9us, Paulo Ganem, este ser\u00e1 um momento muito importante e de ganhos para os congressistas e para a regi\u00e3o. \u201cEsse evento costuma reunir quase mil lojistas de v\u00e1rios munic\u00edpios da Bahia e este ano n\u00e3o ser\u00e1 diferente. Decidimos numa audi\u00eancia em Salvador com o presidente da FCDL, da CDL de Itabuna e com o governador Jaques Wagner, que este era um momento oportuno dele ser realizado aqui porque al\u00e9m do Cinquenten\u00e1rio da CDL de Itabuna, que merece ser comemorado, ser\u00e1 na v\u00e9spera do feriado de sete de setembro e Ilh\u00e9us re\u00fane uma grande rede hoteleira e os atrativos tur\u00edsticos, hist\u00f3ricos e culturais capazes de atrair muitos desses congressistas, que v\u00e3o poder conciliar aprendizado e lazer. Nada melhor do que come\u00e7armos na vizinha Itabuna e encerrarmos em Ilh\u00e9us. Vamos movimentar as cidades e, sem d\u00favidas, gerar receitas\u201d, disse Ganem.<\/p>\n<p>Paulo Ganem destacou ainda a qualidade dos palestrantes e dos temas selecionados para esta edi\u00e7\u00e3o do evento. \u201cTeremos o escritor, jornalista e economista Armando Avena; o jornalista Caco Barcellos; palestrantes do Sebrae, da Caixa Econ\u00f4mica Federal e com temas ligados \u00e0 economia, pol\u00edticas e perspectivas para o com\u00e9rcio lojista no estado, que certamente ser\u00e3o enriquecedoras para todos n\u00f3s\u201d, completou Ganem, ressaltando a import\u00e2ncia dos lojistas da regi\u00e3o participarem \u201cprecisamos contar com o apoio e a participa\u00e7\u00e3o de todos os lojistas, pe\u00e7o em especial, aos meus companheiros de Ilh\u00e9us, porque \u00e9 demonstrando nossa for\u00e7a e uni\u00e3o neste Congresso Estadual, que conseguiremos trazer o Nacional, nosso pr\u00f3ximo desafio\u201d, finalizou.<\/p>\n<p>O custo da inscri\u00e7\u00e3o \u00e9 R$80,00 por pessoa e R$140,00 o casal. Para saber como se inscrever no Congresso, basta entrar em contato com a CDL de Ilh\u00e9us, pelo 3084-4881, ou com a ENCANTUR, pelo 2101-3900.<\/p>\n","protected":false},"excerpt":{"rendered":"<p>O jornalista Caco Barcellos ser\u00e1 um dos palestrantes Considerado pela Federa\u00e7\u00e3o de C\u00e2mara de Dirigentes Lojistas da Bahia um dos eventos mais representativos do movimento lojista no estado, a trig\u00e9sima terceira edi\u00e7\u00e3o do Congresso Estadual do Com\u00e9rcio Lojista ser\u00e1 realizada nos dias 05 e 06 de setembro. A abertura ser\u00e1 no dia 05 \u00e0 noite, [&hellip;]<\/p>\n","protected":false},"author":2,"featured_media":0,"comment_status":"open","ping_status":"open","sticky":false,"template":"","format":"standard","meta":{"_links_to":"","_links_to_target":""},"categories":[1],"tags":[],"_links":{"self":[{"href":"https:\/\/www.r2cpress.com.br\/v1\/wp-json\/wp\/v2\/posts\/71211"}],"collection":[{"href":"https:\/\/www.r2cpress.com.br\/v1\/wp-json\/wp\/v2\/posts"}],"about":[{"href":"https:\/\/www.r2cpress.com.br\/v1\/wp-json\/wp\/v2\/types\/post"}],"author":[{"embeddable":true,"href":"https:\/\/www.r2cpress.com.br\/v1\/wp-json\/wp\/v2\/users\/2"}],"replies":[{"embeddable":true,"href":"https:\/\/www.r2cpress.com.br\/v1\/wp-json\/wp\/v2\/comments?post=71211"}],"version-history":[{"count":3,"href":"https:\/\/www.r2cpress.com.br\/v1\/wp-json\/wp\/v2\/posts\/71211\/revisions"}],"predecessor-version":[{"id":71215,"href":"https:\/\/www.r2cpress.com.br\/v1\/wp-json\/wp\/v2\/posts\/71211\/revisions\/71215"}],"wp:attachment":[{"href":"https:\/\/www.r2cpress.com.br\/v1\/wp-json\/wp\/v2\/media?parent=71211"}],"wp:term":[{"taxonomy":"category","embeddable":true,"href":"https:\/\/www.r2cpress.com.br\/v1\/wp-json\/wp\/v2\/categories?post=71211"},{"taxonomy":"post_tag","embeddable":true,"href":"https:\/\/www.r2cpress.com.br\/v1\/wp-json\/wp\/v2\/tags?post=71211"}],"curies":[{"name":"wp","href":"https:\/\/api.w.org\/{rel}","templated":true}]}}