{"id":71220,"date":"2013-09-02T19:59:42","date_gmt":"2013-09-02T22:59:42","guid":{"rendered":"http:\/\/www.r2cpress.com.br\/v1\/?p=71220"},"modified":"2013-09-02T19:59:42","modified_gmt":"2013-09-02T22:59:42","slug":"a-outra-companhia-de-teatro-agitou-ilheus-no-final-de-semana","status":"publish","type":"post","link":"https:\/\/www.r2cpress.com.br\/v1\/2013\/09\/02\/a-outra-companhia-de-teatro-agitou-ilheus-no-final-de-semana\/","title":{"rendered":"\u2018A Outra Companhia de Teatro\u2019 agitou Ilh\u00e9us no final de semana"},"content":{"rendered":"<p><strong>As apresenta\u00e7\u00f5es teatrais foram realizadas no centro da cidade e abertas ao p\u00fablico. O projeto contou com parceria da Secretaria Municipal de Cultura, Secretaria de Cultura da Bahia e Banco do Nordeste. <\/strong><\/p>\n<div id=\"attachment_71221\" style=\"width: 610px\" class=\"wp-caption aligncenter\"><a href=\"http:\/\/www.r2cpress.com.br\/v1\/wp-content\/uploads\/Apresenta\u00e7\u00e3o-da-A-Outra-Companhia-deTeatro-em-Ilheus-no-domingo-dia-1\u00ba-de-setembro.jpg\"><img aria-describedby=\"caption-attachment-71221\" loading=\"lazy\" src=\"http:\/\/www.r2cpress.com.br\/v1\/wp-content\/uploads\/Apresenta\u00e7\u00e3o-da-A-Outra-Companhia-deTeatro-em-Ilheus-no-domingo-dia-1\u00ba-de-setembro.jpg\" alt=\"Apresenta\u00e7\u00e3o da A Outra Companhia deTeatro em Ilheus no domingo, dia 1\u00ba de setembro.\" width=\"600\" height=\"450\" class=\"size-full wp-image-71221\" srcset=\"https:\/\/www.r2cpress.com.br\/v1\/wp-content\/uploads\/Apresenta\u00e7\u00e3o-da-A-Outra-Companhia-deTeatro-em-Ilheus-no-domingo-dia-1\u00ba-de-setembro.jpg 600w, https:\/\/www.r2cpress.com.br\/v1\/wp-content\/uploads\/Apresenta\u00e7\u00e3o-da-A-Outra-Companhia-deTeatro-em-Ilheus-no-domingo-dia-1\u00ba-de-setembro-300x225.jpg 300w\" sizes=\"(max-width: 600px) 100vw, 600px\" \/><\/a><p id=\"caption-attachment-71221\" class=\"wp-caption-text\">Apresenta\u00e7\u00e3o da A Outra Companhia deTeatro em Ilheus no domingo, dia 1\u00ba de setembro.<\/p><\/div>\n<p>            O grupo A Outra Companhia de Teatro, de Salvador, esteve em Ilh\u00e9us, pela primeira vez, e realizou uma s\u00e9rie de atividades como oficinas e espet\u00e1culos teatrais, no per\u00edodo de 30 de agosto a 1\u00ba de setembro. As apresenta\u00e7\u00f5es de pe\u00e7as teatrais aconteceram s\u00e1bado e domingo, sempre abertas ao p\u00fablico.<\/p>\n<p><!--more--><\/p>\n<p>            No s\u00e1bado, devido \u00e0s fortes chuvas, a apresenta\u00e7\u00e3o da pe\u00e7a teatral \u2018Mar me quer\u2019, prevista para a pra\u00e7a da Maramata, na zona sul, \u00e0s 20 horas, foi realizada no Foyer do Teatro Municipal, no centro da cidade, que foi especialmente ambientado num clima po\u00e9tico para a recria\u00e7\u00e3o do conto hom\u00f4nimo de Mia Couto.<\/p>\n<p>            J\u00e1 no domingo, 1\u00ba, a encena\u00e7\u00e3o da com\u00e9dia musical \u2018Remendo, Remend\u00f3\u2019 aconteceu na pra\u00e7a Pedro Matos, em frente ao Teatro Municipal, no final da tarde, que foi ocupada pelas crian\u00e7as e o p\u00fablico em geral. O musical misturou cultura popular, cancioneiros nordestinos, cantigas de roda e teatro, num espet\u00e1culo infanto-juvenil que envolveu a plat\u00e9ia.<\/p>\n<p>            O fato de o pr\u00f3prio elenco tocar os instrumentos e cantar toda a trilha sonora do espet\u00e1culo encantou o p\u00fablico presente e fez a divers\u00e3o da crian\u00e7ada na pra\u00e7a. A turn\u00ea do grupo contou com a parceria da Prefeitura Municipal de Ilh\u00e9us, atrav\u00e9s da Secretaria Municipal de Cultura, e apoio financeiro do Fundo de Cultura, BNB e Secret\u00e1ria de Cultura do Estado da Bahia.<\/p>\n<p>  Oficinas \u2013 Al\u00e9m dos espet\u00e1culos, A Outra Companhia de Teatro realizou oficina de Conta\u00e7\u00e3o de Hist\u00f3rias, no dia 30, a partir das 190 horas, no Centro Educacional \u00c1lvaro Melo Vieira (Ceamev).  No s\u00e1bado, 31, a partir das 8 horas, houve a Oficina de Arte-educa\u00e7\u00e3o, na Tenda do Teatro Popular de Ilh\u00e9us. Ainda no s\u00e1bado, \u00e0s 9 horas, aconteceu a Oficina de M\u00fasica, no Centro Educacional F\u00e9 e Alegria, no bairro Nossa Senhora da Vit\u00f3ria.  <\/p>\n","protected":false},"excerpt":{"rendered":"<p>As apresenta\u00e7\u00f5es teatrais foram realizadas no centro da cidade e abertas ao p\u00fablico. O projeto contou com parceria da Secretaria Municipal de Cultura, Secretaria de Cultura da Bahia e Banco do Nordeste. O grupo A Outra Companhia de Teatro, de Salvador, esteve em Ilh\u00e9us, pela primeira vez, e realizou uma s\u00e9rie de atividades como oficinas [&hellip;]<\/p>\n","protected":false},"author":2,"featured_media":0,"comment_status":"open","ping_status":"open","sticky":false,"template":"","format":"standard","meta":{"_links_to":"","_links_to_target":""},"categories":[23],"tags":[],"_links":{"self":[{"href":"https:\/\/www.r2cpress.com.br\/v1\/wp-json\/wp\/v2\/posts\/71220"}],"collection":[{"href":"https:\/\/www.r2cpress.com.br\/v1\/wp-json\/wp\/v2\/posts"}],"about":[{"href":"https:\/\/www.r2cpress.com.br\/v1\/wp-json\/wp\/v2\/types\/post"}],"author":[{"embeddable":true,"href":"https:\/\/www.r2cpress.com.br\/v1\/wp-json\/wp\/v2\/users\/2"}],"replies":[{"embeddable":true,"href":"https:\/\/www.r2cpress.com.br\/v1\/wp-json\/wp\/v2\/comments?post=71220"}],"version-history":[{"count":2,"href":"https:\/\/www.r2cpress.com.br\/v1\/wp-json\/wp\/v2\/posts\/71220\/revisions"}],"predecessor-version":[{"id":71223,"href":"https:\/\/www.r2cpress.com.br\/v1\/wp-json\/wp\/v2\/posts\/71220\/revisions\/71223"}],"wp:attachment":[{"href":"https:\/\/www.r2cpress.com.br\/v1\/wp-json\/wp\/v2\/media?parent=71220"}],"wp:term":[{"taxonomy":"category","embeddable":true,"href":"https:\/\/www.r2cpress.com.br\/v1\/wp-json\/wp\/v2\/categories?post=71220"},{"taxonomy":"post_tag","embeddable":true,"href":"https:\/\/www.r2cpress.com.br\/v1\/wp-json\/wp\/v2\/tags?post=71220"}],"curies":[{"name":"wp","href":"https:\/\/api.w.org\/{rel}","templated":true}]}}