{"id":71228,"date":"2013-09-03T09:27:52","date_gmt":"2013-09-03T12:27:52","guid":{"rendered":"http:\/\/www.r2cpress.com.br\/v1\/?p=71228"},"modified":"2013-09-03T09:28:06","modified_gmt":"2013-09-03T12:28:06","slug":"radio-baiana-am-e-o-programa-tropa-de-elite-foram-vencedores-do-trofeu-octavio-moura","status":"publish","type":"post","link":"https:\/\/www.r2cpress.com.br\/v1\/2013\/09\/03\/radio-baiana-am-e-o-programa-tropa-de-elite-foram-vencedores-do-trofeu-octavio-moura\/","title":{"rendered":"R\u00e1dio Baiana AM e o Programa Tropa de Elite foram vencedores do Trof\u00e9u Oct\u00e1vio Moura"},"content":{"rendered":"<p> A R\u00e1dio Baiana AM de Ilh\u00e9us conquistou, no \u00faltimo s\u00e1bado (31), dois Trof\u00e9us Oct\u00e1vio Moura 2013. O evento foi promovido pela CDL (C\u00e2mara de Dirigentes Lojistas de Ilh\u00e9us) O Programa Tropa de Elite, na ent\u00e3o R\u00e1dio Baiana AM, comandado pelos radialistas Marinho Santos e Robertinho Scarpita ganhou o pr\u00eamio de Melhor Programa de R\u00e1dio de Ilh\u00e9us e a r\u00e1dio foi \u00e0 vencedora da categoria r\u00e1dio AM.<\/p>\n<p>O presidente da CDL, Paulo Ganen ressaltou a import\u00e2ncia do trabalho destes profissionais da imprensa, para uma Ilh\u00e9us democr\u00e1tica e bem informada. &#8220;Voc\u00eas s\u00e3o os olhos e ouvidos da sociedade&#8221;, valorizou os presentes. A cerim\u00f4nia de entrega do Trof\u00e9u Octavio Moura foi realizada no Clube da APCEF.<br \/>\n<div id=\"attachment_71229\" style=\"width: 560px\" class=\"wp-caption aligncenter\"><a href=\"http:\/\/www.r2cpress.com.br\/v1\/wp-content\/uploads\/tropadeelitepr\u00eamio_.jpg\"><img aria-describedby=\"caption-attachment-71229\" loading=\"lazy\" src=\"http:\/\/www.r2cpress.com.br\/v1\/wp-content\/uploads\/tropadeelitepr\u00eamio_.jpg\" alt=\"Foto by Clodoaldo Ribeiro\" width=\"550\" height=\"379\" class=\"size-full wp-image-71229\" srcset=\"https:\/\/www.r2cpress.com.br\/v1\/wp-content\/uploads\/tropadeelitepr\u00eamio_.jpg 550w, https:\/\/www.r2cpress.com.br\/v1\/wp-content\/uploads\/tropadeelitepr\u00eamio_-300x206.jpg 300w\" sizes=\"(max-width: 550px) 100vw, 550px\" \/><\/a><p id=\"caption-attachment-71229\" class=\"wp-caption-text\">Foto by Clodoaldo Ribeiro<\/p><\/div><br \/>\nO prefeito Jabes Ribeiro participou da solenidade e foi ele quem entregou aos radialistas o Trof\u00e9u Oct\u00e1vio Moura 2013.<\/p>\n","protected":false},"excerpt":{"rendered":"<p>A R\u00e1dio Baiana AM de Ilh\u00e9us conquistou, no \u00faltimo s\u00e1bado (31), dois Trof\u00e9us Oct\u00e1vio Moura 2013. O evento foi promovido pela CDL (C\u00e2mara de Dirigentes Lojistas de Ilh\u00e9us) O Programa Tropa de Elite, na ent\u00e3o R\u00e1dio Baiana AM, comandado pelos radialistas Marinho Santos e Robertinho Scarpita ganhou o pr\u00eamio de Melhor Programa de R\u00e1dio de [&hellip;]<\/p>\n","protected":false},"author":2,"featured_media":0,"comment_status":"open","ping_status":"open","sticky":false,"template":"","format":"standard","meta":{"_links_to":"","_links_to_target":""},"categories":[28],"tags":[],"_links":{"self":[{"href":"https:\/\/www.r2cpress.com.br\/v1\/wp-json\/wp\/v2\/posts\/71228"}],"collection":[{"href":"https:\/\/www.r2cpress.com.br\/v1\/wp-json\/wp\/v2\/posts"}],"about":[{"href":"https:\/\/www.r2cpress.com.br\/v1\/wp-json\/wp\/v2\/types\/post"}],"author":[{"embeddable":true,"href":"https:\/\/www.r2cpress.com.br\/v1\/wp-json\/wp\/v2\/users\/2"}],"replies":[{"embeddable":true,"href":"https:\/\/www.r2cpress.com.br\/v1\/wp-json\/wp\/v2\/comments?post=71228"}],"version-history":[{"count":3,"href":"https:\/\/www.r2cpress.com.br\/v1\/wp-json\/wp\/v2\/posts\/71228\/revisions"}],"predecessor-version":[{"id":71232,"href":"https:\/\/www.r2cpress.com.br\/v1\/wp-json\/wp\/v2\/posts\/71228\/revisions\/71232"}],"wp:attachment":[{"href":"https:\/\/www.r2cpress.com.br\/v1\/wp-json\/wp\/v2\/media?parent=71228"}],"wp:term":[{"taxonomy":"category","embeddable":true,"href":"https:\/\/www.r2cpress.com.br\/v1\/wp-json\/wp\/v2\/categories?post=71228"},{"taxonomy":"post_tag","embeddable":true,"href":"https:\/\/www.r2cpress.com.br\/v1\/wp-json\/wp\/v2\/tags?post=71228"}],"curies":[{"name":"wp","href":"https:\/\/api.w.org\/{rel}","templated":true}]}}