{"id":71233,"date":"2013-09-03T09:37:13","date_gmt":"2013-09-03T12:37:13","guid":{"rendered":"http:\/\/www.r2cpress.com.br\/v1\/?p=71233"},"modified":"2013-09-03T09:37:13","modified_gmt":"2013-09-03T12:37:13","slug":"corpo-de-ex-presidente-jango-sera-exumado-e-tera-honras-de-chefe-de-estado","status":"publish","type":"post","link":"https:\/\/www.r2cpress.com.br\/v1\/2013\/09\/03\/corpo-de-ex-presidente-jango-sera-exumado-e-tera-honras-de-chefe-de-estado\/","title":{"rendered":"Corpo de ex-presidente Jango ser\u00e1 exumado e ter\u00e1 &#8220;honras de chefe de Estado&#8221;"},"content":{"rendered":"<p><em><strong>Os restos mortais de Jo\u00e3o Goulart ser\u00e3o submetidos a exames para determinar se ele foi morto<\/strong><\/em><\/p>\n<div id=\"conteudo\">\n<div>\n<div id=\"detalhamento\">Os restos mortais do presidente Jo\u00e3o Goulart (1919-1976) ter\u00e3o \u201chonras de chefe de Estado\u201d durante o transporte a Bras\u00edlia para uma an\u00e1lise que deve ocorrer ainda neste ano, afirmou hoje a ministra Maria do Ros\u00e1rio (Direitos Humanos). O corpo de Jango,\u00a0nome como ele era conhecido, ser\u00e1 exumado no cemit\u00e9rio em que est\u00e1 enterrado na cidade de S\u00e3o Borja (RS) e passar\u00e1 por exames que tentar\u00e3o identificar se ele foi morto por agentes ligados \u00e0 estrutura de repress\u00e3o da ditadura militar (1964-1985).Maria do Ros\u00e1rio se reuniu hoje com a dire\u00e7\u00e3o estadual do PDT, em Porto Alegre. Apresentou ao partido, de Christopher Goulart, neto de Jango, o plano de remo\u00e7\u00e3o dos restos mortais para a capital federal. Segundo a vers\u00e3o oficial, o presidente sofreu um ataque card\u00edaco quando vivia no ex\u00edlio, na Argentina. A Comiss\u00e3o Nacional da Verdade e o governo federal, por\u00e9m, investigam as circunst\u00e2ncias.<\/p>\n<p>Jango foi deposto pelo golpe militar de 1964. A data do transporte do corpo deve ser marcada no pr\u00f3ximo dia 17. O governo ainda articula detalhes do traslado e eventuais homenagens em Bras\u00edlia. O retorno a S\u00e3o Borja, segundo a ministra, tamb\u00e9m ser\u00e1 \u201ccom as honras de um presidente\u201d. \u201cJango ter\u00e1 o tratamento que n\u00e3o recebeu quando foi deposto e no momento do seu sepultamento.\u201d\u00a0Maria do Ros\u00e1rio disse ainda que o corpo foi recebido na \u00e9poca \u201cpelo povo\u201d nas ruas, mas, por ordens da ditadura, o caix\u00e3o foi transportado com rapidez, de maneira \u201cdesrespeitosa\u201d.<\/p>\n<p><!--more--><\/p>\n<p>Christopher, que \u00e9 vereador em Porto Alegre, diz que o presidente nunca teve as honras oficiais devidas. \u201cQuando ele morreu, n\u00e3o teve luto oficial, n\u00e3o teve bandeira a meio mastro. Agora, seria algo muito simb\u00f3lico, a mesma coisa que quando um presidente da Rep\u00fablica falece. Todas as pompas oficiais\u201d, afirmou. Autoridades de S\u00e3o Borja se mobilizaram, no m\u00eas passado, para que o Planalto assumisse o compromisso de transportar de volta o corpo de Bras\u00edlia ao jazigo no interior do Rio Grande do Sul ap\u00f3s o fim das an\u00e1lises.<\/p>\n<p><b>Exuma\u00e7\u00e3o<\/b><br \/>\nA exuma\u00e7\u00e3o e os exames envolver\u00e3o familiares do presidente, t\u00e9cnicos da Pol\u00edcia Federal e peritos argentinos e do Uruguai. Na Argentina tamb\u00e9m h\u00e1 uma investiga\u00e7\u00e3o sobre o caso. A Cruz Vermelha dar\u00e1 apoio aos trabalhos. A ministra diz ver uma \u201cpossibilidade muito clara\u201d que o presidente tenha sido assassinado por for\u00e7as da Opera\u00e7\u00e3o Condor, a alian\u00e7a entre ditaduras da Am\u00e9rica do Sul. Entre os argumentos para essa tese, est\u00e3o as evid\u00eancias de que Jango havia sido monitorado no per\u00edodo em que estava afastado da pol\u00edtica e vivia seu ex\u00edlio na Argentina.<\/p>\n<p>&#8212;<\/p>\n<p><b>Folhapress<\/b><\/p>\n<p>No CORREIO DA BAHIA<\/p>\n<p>http:\/\/www.correio24horas.com.br\/noticias\/detalhes\/detalhes-1\/artigo\/corpo-de-ex-presidente-jango-sera-exumado-e-tera-honras-de-chefe-de-estado\/<\/p>\n<\/div>\n<\/div>\n<\/div>\n","protected":false},"excerpt":{"rendered":"<p>Os restos mortais de Jo\u00e3o Goulart ser\u00e3o submetidos a exames para determinar se ele foi morto Os restos mortais do presidente Jo\u00e3o Goulart (1919-1976) ter\u00e3o \u201chonras de chefe de Estado\u201d durante o transporte a Bras\u00edlia para uma an\u00e1lise que deve ocorrer ainda neste ano, afirmou hoje a ministra Maria do Ros\u00e1rio (Direitos Humanos). O corpo [&hellip;]<\/p>\n","protected":false},"author":2,"featured_media":0,"comment_status":"open","ping_status":"open","sticky":false,"template":"","format":"standard","meta":{"_links_to":"","_links_to_target":""},"categories":[13],"tags":[],"_links":{"self":[{"href":"https:\/\/www.r2cpress.com.br\/v1\/wp-json\/wp\/v2\/posts\/71233"}],"collection":[{"href":"https:\/\/www.r2cpress.com.br\/v1\/wp-json\/wp\/v2\/posts"}],"about":[{"href":"https:\/\/www.r2cpress.com.br\/v1\/wp-json\/wp\/v2\/types\/post"}],"author":[{"embeddable":true,"href":"https:\/\/www.r2cpress.com.br\/v1\/wp-json\/wp\/v2\/users\/2"}],"replies":[{"embeddable":true,"href":"https:\/\/www.r2cpress.com.br\/v1\/wp-json\/wp\/v2\/comments?post=71233"}],"version-history":[{"count":3,"href":"https:\/\/www.r2cpress.com.br\/v1\/wp-json\/wp\/v2\/posts\/71233\/revisions"}],"predecessor-version":[{"id":71236,"href":"https:\/\/www.r2cpress.com.br\/v1\/wp-json\/wp\/v2\/posts\/71233\/revisions\/71236"}],"wp:attachment":[{"href":"https:\/\/www.r2cpress.com.br\/v1\/wp-json\/wp\/v2\/media?parent=71233"}],"wp:term":[{"taxonomy":"category","embeddable":true,"href":"https:\/\/www.r2cpress.com.br\/v1\/wp-json\/wp\/v2\/categories?post=71233"},{"taxonomy":"post_tag","embeddable":true,"href":"https:\/\/www.r2cpress.com.br\/v1\/wp-json\/wp\/v2\/tags?post=71233"}],"curies":[{"name":"wp","href":"https:\/\/api.w.org\/{rel}","templated":true}]}}