{"id":71240,"date":"2013-09-03T13:47:08","date_gmt":"2013-09-03T16:47:08","guid":{"rendered":"http:\/\/www.r2cpress.com.br\/v1\/?p=71240"},"modified":"2013-09-03T13:47:08","modified_gmt":"2013-09-03T16:47:08","slug":"conselho-de-alimentacao-de-ilheus-orienta-professores-e-profissionais-sobre-acondicionamento-da-merenda","status":"publish","type":"post","link":"https:\/\/www.r2cpress.com.br\/v1\/2013\/09\/03\/conselho-de-alimentacao-de-ilheus-orienta-professores-e-profissionais-sobre-acondicionamento-da-merenda\/","title":{"rendered":"Conselho de Alimenta\u00e7\u00e3o de Ilh\u00e9us orienta professores e profissionais sobre acondicionamento da merenda"},"content":{"rendered":"<p><em><strong>Os membros do conselho visitar\u00e3o as escolas em funcionamento neste per\u00edodo de greve para orientar merendeiras bem como os professores e diretores que est\u00e3o recebendoo alimento onde os profissionais especializados n\u00e3o est\u00e3o atuando.<\/strong><\/em><\/p>\n<p><div id=\"attachment_71241\" style=\"width: 343px\" class=\"wp-caption alignleft\"><a href=\"http:\/\/www.r2cpress.com.br\/v1\/wp-content\/uploads\/Entrega-da-merenda-escolar-na-unidade-municipal-Odete-Salman-na-ter\u00e7a-feira-20-08-Foto-Roberto-Silva-Secom-Ilh\u00e9us.jpg\"><img aria-describedby=\"caption-attachment-71241\" loading=\"lazy\" src=\"http:\/\/www.r2cpress.com.br\/v1\/wp-content\/uploads\/Entrega-da-merenda-escolar-na-unidade-municipal-Odete-Salman-na-ter\u00e7a-feira-20-08-Foto-Roberto-Silva-Secom-Ilh\u00e9us.jpg\" alt=\"Entrega da merenda escolar na unidade municipal Odete Salman na ter\u00e7a-feira 20-08 - Foto Roberto Silva (Secom Ilh\u00e9us).\" width=\"333\" height=\"457\" class=\"size-full wp-image-71241\" srcset=\"https:\/\/www.r2cpress.com.br\/v1\/wp-content\/uploads\/Entrega-da-merenda-escolar-na-unidade-municipal-Odete-Salman-na-ter\u00e7a-feira-20-08-Foto-Roberto-Silva-Secom-Ilh\u00e9us.jpg 333w, https:\/\/www.r2cpress.com.br\/v1\/wp-content\/uploads\/Entrega-da-merenda-escolar-na-unidade-municipal-Odete-Salman-na-ter\u00e7a-feira-20-08-Foto-Roberto-Silva-Secom-Ilh\u00e9us-218x300.jpg 218w\" sizes=\"(max-width: 333px) 100vw, 333px\" \/><\/a><p id=\"caption-attachment-71241\" class=\"wp-caption-text\">Entrega da merenda escolar na unidade municipal Odete Salman na ter\u00e7a-feira 20-08 &#8211; Foto Roberto Silva (Secom Ilh\u00e9us).<\/p><\/div>Ap\u00f3s a regulariza\u00e7\u00e3o da distribui\u00e7\u00e3o da merenda escolar pela Secretaria de Educa\u00e7\u00e3o de Ilh\u00e9us (Seduc), o ConselhoMunicipal de Alimenta\u00e7\u00e3o come\u00e7a a fiscalizar o acondicionamento correto do alimento nas unidades educacionais.A partir desta quarta-feira, dia 3, os membros do conselhofar\u00e3o visitas \u00e0s escolas que est\u00e3o em funcionamento, neste per\u00edodo de greve,com a presen\u00e7a da nutricionista da Seduc. O objetivo \u00e9 orientaras merendeiras e os professores e diretores que est\u00e3o recebendoa alimenta\u00e7\u00e3o nas unidades onde os profissionais especializados n\u00e3o est\u00e3o atuando sobre os procedimentos corretos do armazenamento.<\/p>\n<p>Na segunda-feira, dia 3, integrantes do conselho fizeram uma visita informal \u00e0s escolas Odete Salman e Vila Nazar\u00e9, que est\u00e3o funcionando sem merendeiras e informaram os educadoresque est\u00e3o acondicionando o alimento, o modo correto de realizar a atividade. \u201cSabemos que muitas escolas est\u00e3o sem os profissionais especializados para o armazenamento da alimenta\u00e7\u00e3o,ent\u00e3o vamos orientar os professores que est\u00e3o cumprindo a a\u00e7\u00e3o durante este per\u00edodo de greve\u201d, ressalta a presidente do Conselho Municipal de Alimenta\u00e7\u00e3o, Nilza Maria da Costa Lima.<\/p>\n<p>Nilza Maria explica que a visita \u00e0s escolas\u00e9 uma atividade rotineira do conselho, que tem papel deliberativo, fiscalizador e orientador. Segundo a presidente, a orienta\u00e7\u00e3o sobre o procedimento correto de acondicionamento dos alimentos \u00e9 uma forma de colaborar com a qualidade da refei\u00e7\u00e3o servida na escola e de cuidar dos recursos p\u00fablicos. \u201cSe o alimento for armazenado de forma errada poder\u00e1 estragar mais rapidamente, causando preju\u00edzos ao munic\u00edpio\u201d, observa Nilza. A presidente destaca ainda que as reuni\u00f5es do conselho s\u00e3o abertas a toda a popula\u00e7\u00e3o.<\/p>\n<p>Regulariza\u00e7\u00e3o &#8211; A regulariza\u00e7\u00e3o do fornecimento da alimenta\u00e7\u00e3o escolar contempla 51 unidades escolares e beneficia 24.345 alunos. A distribui\u00e7\u00e3o do alimento nas escolas s\u00f3 foi poss\u00edvel em virtude do pagamento de uma d\u00edvida de R$ 638.286,73, deixada pela gest\u00e3o anterior, ao Fundo Nacional do Desenvolvimento da Educa\u00e7\u00e3o (Fundeb).<\/p>\n<p>Iniciada no \u00faltimo dia 20, a distribui\u00e7\u00e3o da merenda tamb\u00e9m j\u00e1 beneficiou a Creche Dom Eduardo, o Centro Educativo F\u00e9 e Alegria, o Centro de Aten\u00e7\u00e3o Integral \u00e0 Crian\u00e7a (Caic), a Associa\u00e7\u00e3o de Mulheres Ilheenses (Asmi) e as escolas do Iguape, Barra, Bas\u00edlio, Banco do Pedro, Banco Central, Oliven\u00e7a, Pontal, Vila Nazar\u00e9, Santo Ant\u00f4nio, Aritagu\u00e1 II,  Dom ValfredoTepe, Perp\u00e9tua Marques, Pequeno Davi, Bar\u00e3o de Maca\u00fabas, Mariane Eckes, Em\u00edlia de Brito, Paulo Freire, Heitor Dias, Herval Soledade e Pequeno Pr\u00edncipe, entre outras.<\/p>\n<p>&#8212;<br \/>\nSecretaria de Comunica\u00e7\u00e3o Social (Secom)<br \/>\nIlh\u00e9us \u2013 03.09.2013<\/p>\n","protected":false},"excerpt":{"rendered":"<p>Os membros do conselho visitar\u00e3o as escolas em funcionamento neste per\u00edodo de greve para orientar merendeiras bem como os professores e diretores que est\u00e3o recebendoo alimento onde os profissionais especializados n\u00e3o est\u00e3o atuando. Ap\u00f3s a regulariza\u00e7\u00e3o da distribui\u00e7\u00e3o da merenda escolar pela Secretaria de Educa\u00e7\u00e3o de Ilh\u00e9us (Seduc), o ConselhoMunicipal de Alimenta\u00e7\u00e3o come\u00e7a a fiscalizar [&hellip;]<\/p>\n","protected":false},"author":2,"featured_media":0,"comment_status":"open","ping_status":"open","sticky":false,"template":"","format":"standard","meta":{"_links_to":"","_links_to_target":""},"categories":[23],"tags":[],"_links":{"self":[{"href":"https:\/\/www.r2cpress.com.br\/v1\/wp-json\/wp\/v2\/posts\/71240"}],"collection":[{"href":"https:\/\/www.r2cpress.com.br\/v1\/wp-json\/wp\/v2\/posts"}],"about":[{"href":"https:\/\/www.r2cpress.com.br\/v1\/wp-json\/wp\/v2\/types\/post"}],"author":[{"embeddable":true,"href":"https:\/\/www.r2cpress.com.br\/v1\/wp-json\/wp\/v2\/users\/2"}],"replies":[{"embeddable":true,"href":"https:\/\/www.r2cpress.com.br\/v1\/wp-json\/wp\/v2\/comments?post=71240"}],"version-history":[{"count":3,"href":"https:\/\/www.r2cpress.com.br\/v1\/wp-json\/wp\/v2\/posts\/71240\/revisions"}],"predecessor-version":[{"id":71244,"href":"https:\/\/www.r2cpress.com.br\/v1\/wp-json\/wp\/v2\/posts\/71240\/revisions\/71244"}],"wp:attachment":[{"href":"https:\/\/www.r2cpress.com.br\/v1\/wp-json\/wp\/v2\/media?parent=71240"}],"wp:term":[{"taxonomy":"category","embeddable":true,"href":"https:\/\/www.r2cpress.com.br\/v1\/wp-json\/wp\/v2\/categories?post=71240"},{"taxonomy":"post_tag","embeddable":true,"href":"https:\/\/www.r2cpress.com.br\/v1\/wp-json\/wp\/v2\/tags?post=71240"}],"curies":[{"name":"wp","href":"https:\/\/api.w.org\/{rel}","templated":true}]}}