{"id":71250,"date":"2013-09-03T14:34:15","date_gmt":"2013-09-03T17:34:15","guid":{"rendered":"http:\/\/www.r2cpress.com.br\/v1\/?p=71250"},"modified":"2013-09-03T15:34:14","modified_gmt":"2013-09-03T18:34:14","slug":"manutencao-na-eta-centro-interrompe-fornecimento-de-agua-em-alguns-bairros-de-ilheus-nesta-quinta-feira-5","status":"publish","type":"post","link":"https:\/\/www.r2cpress.com.br\/v1\/2013\/09\/03\/manutencao-na-eta-centro-interrompe-fornecimento-de-agua-em-alguns-bairros-de-ilheus-nesta-quinta-feira-5\/","title":{"rendered":"Manuten\u00e7\u00e3o na ETA Centro interrompe fornecimento  de \u00e1gua em alguns bairros de Ilh\u00e9us nesta quinta-feira (5)"},"content":{"rendered":"<h2 style=\"text-align: left;\"><strong>A previs\u00e3o \u00e9 que os servi\u00e7os sejam conclu\u00eddos at\u00e9 a meia-noite do mesmo dia<\/strong><\/h2>\n<p>A Embasa informa que, devido a realiza\u00e7\u00e3o de servi\u00e7os de manuten\u00e7\u00e3o na adutora de \u00e1gua bruta da Esta\u00e7\u00e3o de Tratamento de \u00c1gua (ETA) Centro, o fornecimento de \u00e1gua ser\u00e1 interrompido em alguns bairros de Ilh\u00e9us a partir do meio-dia desta quinta-feira (5 de setembro). Os bairros que poder\u00e3o sofrer desabastecimento s\u00e3o Centro, Malhado, Cidade Nova, Conquista, Pacheco, Altos do Outeiro e S\u00e3o Sebasti\u00e3o, Princesa Isabel, Teot\u00f4nio Vilela, Banco da Vit\u00f3ria, Salobrinho e Altos do Bas\u00edlio, do Coqueiro, Esperan\u00e7a e bairros adjacentes.<br \/>\nA previs\u00e3o \u00e9 que os servi\u00e7os de manuten\u00e7\u00e3o sejam conclu\u00eddos at\u00e9 a meia noite  do mesmo dia (quinta-feira, 5), quando a ETA Centro voltar\u00e1 a operar normalmente. O abastecimento dessas localidades ser\u00e1 gradativamente regularizado em 24 horas. Os moradores de im\u00f3veis com reserva\u00e7\u00e3o suficiente para as necessidades di\u00e1rias n\u00e3o sentir\u00e3o os efeitos da falta de \u00e1gua.<\/p>\n<p>&#8212;&#8212;&#8212;&#8212;&#8212;&#8212;&#8212;&#8212;&#8212;&#8212;&#8212;&#8212;&#8212;<br \/>\nAssessoria de Comunica\u00e7\u00e3o da Embasa<br \/>\nUnidade Regional de Itabuna (USI)<\/p>\n","protected":false},"excerpt":{"rendered":"<p>A previs\u00e3o \u00e9 que os servi\u00e7os sejam conclu\u00eddos at\u00e9 a meia-noite do mesmo dia A Embasa informa que, devido a realiza\u00e7\u00e3o de servi\u00e7os de manuten\u00e7\u00e3o na adutora de \u00e1gua bruta da Esta\u00e7\u00e3o de Tratamento de \u00c1gua (ETA) Centro, o fornecimento de \u00e1gua ser\u00e1 interrompido em alguns bairros de Ilh\u00e9us a partir do meio-dia desta quinta-feira [&hellip;]<\/p>\n","protected":false},"author":2,"featured_media":0,"comment_status":"open","ping_status":"open","sticky":false,"template":"","format":"standard","meta":{"_links_to":"","_links_to_target":""},"categories":[29],"tags":[],"_links":{"self":[{"href":"https:\/\/www.r2cpress.com.br\/v1\/wp-json\/wp\/v2\/posts\/71250"}],"collection":[{"href":"https:\/\/www.r2cpress.com.br\/v1\/wp-json\/wp\/v2\/posts"}],"about":[{"href":"https:\/\/www.r2cpress.com.br\/v1\/wp-json\/wp\/v2\/types\/post"}],"author":[{"embeddable":true,"href":"https:\/\/www.r2cpress.com.br\/v1\/wp-json\/wp\/v2\/users\/2"}],"replies":[{"embeddable":true,"href":"https:\/\/www.r2cpress.com.br\/v1\/wp-json\/wp\/v2\/comments?post=71250"}],"version-history":[{"count":4,"href":"https:\/\/www.r2cpress.com.br\/v1\/wp-json\/wp\/v2\/posts\/71250\/revisions"}],"predecessor-version":[{"id":71258,"href":"https:\/\/www.r2cpress.com.br\/v1\/wp-json\/wp\/v2\/posts\/71250\/revisions\/71258"}],"wp:attachment":[{"href":"https:\/\/www.r2cpress.com.br\/v1\/wp-json\/wp\/v2\/media?parent=71250"}],"wp:term":[{"taxonomy":"category","embeddable":true,"href":"https:\/\/www.r2cpress.com.br\/v1\/wp-json\/wp\/v2\/categories?post=71250"},{"taxonomy":"post_tag","embeddable":true,"href":"https:\/\/www.r2cpress.com.br\/v1\/wp-json\/wp\/v2\/tags?post=71250"}],"curies":[{"name":"wp","href":"https:\/\/api.w.org\/{rel}","templated":true}]}}