{"id":71254,"date":"2013-09-03T14:37:30","date_gmt":"2013-09-03T17:37:30","guid":{"rendered":"http:\/\/www.r2cpress.com.br\/v1\/?p=71254"},"modified":"2013-09-03T14:37:30","modified_gmt":"2013-09-03T17:37:30","slug":"prefeito-de-ilheus-autoriza-auditoria-nas-empresas-de-transporte-publico","status":"publish","type":"post","link":"https:\/\/www.r2cpress.com.br\/v1\/2013\/09\/03\/prefeito-de-ilheus-autoriza-auditoria-nas-empresas-de-transporte-publico\/","title":{"rendered":"Prefeito de Ilh\u00e9us autoriza auditoria nas empresas de transporte p\u00fablico"},"content":{"rendered":"<p><em><strong>Das sete institui\u00e7\u00f5es convidadas pela Secretaria de Desenvolvimento Urbano para participar da sele\u00e7\u00e3o para presta\u00e7\u00e3o do servi\u00e7o de auditoria, apenas duas apresentaram propostas. A vencedora, a Fipe, ofereceu melhor proposta de trabalho.<\/strong><\/em><\/p>\n<div id=\"attachment_71255\" style=\"width: 610px\" class=\"wp-caption aligncenter\"><a href=\"http:\/\/www.r2cpress.com.br\/v1\/wp-content\/uploads\/Reuni\u00e3o-do-prefeito-Jabes-Ribeiro-com-vereadores-que-autorizou-realiza\u00e7\u00e3o-da-auditoria-no-transporte-publico-foto-Gidelzo-Silva-Secom-Ilh\u00e9us-03-09-13.jpg\"><img aria-describedby=\"caption-attachment-71255\" loading=\"lazy\" src=\"http:\/\/www.r2cpress.com.br\/v1\/wp-content\/uploads\/Reuni\u00e3o-do-prefeito-Jabes-Ribeiro-com-vereadores-que-autorizou-realiza\u00e7\u00e3o-da-auditoria-no-transporte-publico-foto-Gidelzo-Silva-Secom-Ilh\u00e9us-03-09-13.jpg\" alt=\"Reuni\u00e3o do prefeito Jabes Ribeiro com vereadores que autorizou realiza\u00e7\u00e3o da auditoria no transporte publico - foto Gidelzo Silva Secom-Ilh\u00e9us 03-09-13.\" width=\"600\" height=\"322\" class=\"size-full wp-image-71255\" srcset=\"https:\/\/www.r2cpress.com.br\/v1\/wp-content\/uploads\/Reuni\u00e3o-do-prefeito-Jabes-Ribeiro-com-vereadores-que-autorizou-realiza\u00e7\u00e3o-da-auditoria-no-transporte-publico-foto-Gidelzo-Silva-Secom-Ilh\u00e9us-03-09-13.jpg 600w, https:\/\/www.r2cpress.com.br\/v1\/wp-content\/uploads\/Reuni\u00e3o-do-prefeito-Jabes-Ribeiro-com-vereadores-que-autorizou-realiza\u00e7\u00e3o-da-auditoria-no-transporte-publico-foto-Gidelzo-Silva-Secom-Ilh\u00e9us-03-09-13-300x161.jpg 300w\" sizes=\"(max-width: 600px) 100vw, 600px\" \/><\/a><p id=\"caption-attachment-71255\" class=\"wp-caption-text\">Reuni\u00e3o do prefeito Jabes Ribeiro com vereadores que autorizou realiza\u00e7\u00e3o da auditoria no transporte publico &#8211; foto Gidelzo Silva Secom-Ilh\u00e9us 03-09-13.<\/p><\/div>\n<p>O prefeito de Ilh\u00e9us, Jabes Ribeiro, assinou na manh\u00e3 desta ter\u00e7a-feira, dia 3, no sal\u00e3o de reuni\u00f5es do Hotel Barravento, a autoriza\u00e7\u00e3o para a Secretaria de Administra\u00e7\u00e3o, com o apoio da Procuradoria Geral do Munic\u00edpio (Proger), contratar a Funda\u00e7\u00e3o Instituto de Pesquisa Econ\u00f4mica (Fipe) para realizar a auditoria na planilha de custos das empresas que exploram o transporte coletivo no  munic\u00edpio. A funda\u00e7\u00e3o foi uma das sete institui\u00e7\u00f5es convidadas pela Secretaria de Desenvolvimento Urbano (Sedur) para participar da sele\u00e7\u00e3o.<\/p>\n<p><!--more--><\/p>\n<p>O ato contou com presen\u00e7a do presidente da C\u00e2mara Municipal, Josevaldo Machado (PC do B), e dos vereadores Alzim\u00e1rio Belmonte (PP), Aldemir Almeida (PSB), Ivo Evangelista (PRB), James Costa (PMN), Nerival Reis (PC do B), Raimundo Lima (PMDB), Rafael Benevides (PP), Gilmar Sodr\u00e9 (PMN), Roque do Sesp (PSC) e Tarc\u00edsio Paix\u00e3o (PSD), al\u00e9m do Procurador Geral, Ot\u00e1vio Carmo, e dos secret\u00e1rios municipais de Desenvolvimento Urbano, de Rela\u00e7\u00f5es Institucionais e de Planejamento, respectivamente, Isaac Albagli, Jailson Nascimento e Joaquim Bastos.<\/p>\n<p>Na oportunidade, o prefeito Jabes Ribeiro referiu-se aos compromissos assumidos com a sociedade organizada, no que diz respeito \u00e0 quest\u00e3o do transporte p\u00fablico, e lembrou que disponibilizou todos os documentos (editais, contrato, planilha de custos) solicitados pelo movimento em defesa do passe livre para estudantes, inclusive a contabilidade interna das empresas. \u201cEste \u00e9 mais um passo fundamental que damos para a avalia\u00e7\u00e3o do setor de transporte coletivo, com total transpar\u00eancia\u201d, afirmou. Ele ressaltou que o \u00faltimo aumento de tarifa concedido no munic\u00edpio ocorreu em junho de 2012, na gest\u00e3o passada, e que no seu \u00faltimo mandato como prefeito quebrou o monop\u00f3lio do transporte e implantou a tarifa \u00fanica, que beneficiou bastante a popula\u00e7\u00e3o da zona rural.<\/p>\n<p>Contrato &#8211; O prazo de conclus\u00e3o do trabalho \u00e9 de, no m\u00e1ximo,45 dias. O grupo de pesquisa ser\u00e1 coordenado pelo professor Doutor em Economia pela Universidade de S\u00e3o Paulo (USP), Andr\u00e9 Lu\u00eds Squarize Chagas, especialista em concess\u00f5es p\u00fablicas na \u00e1rea de transporte.<\/p>\n<p>Al\u00e9m da Fipe, as institui\u00e7\u00f5es convidadas pela Sedur para participar da sele\u00e7\u00e3o, desde o dia 26\/07, foram a Universidade Estadual de Santa Cruz (UESC), atrav\u00e9s do Departamento de Economia, a Funda\u00e7\u00e3o Dom Cabral (SP), a Funda\u00e7\u00e3o Escola Polit\u00e9cnica da Bahia, o Instituto Brasileiro de Economia da Funda\u00e7\u00e3o Get\u00falio Vargas (IBRE-FGV), o Instituto Brasileiro de Administra\u00e7\u00e3o Municipal (IBAM) e a Funda\u00e7\u00e3o de Administra\u00e7\u00e3o e Pesquisa Econ\u00f4mico Social (Fapes). Das sete, apenas a Fipe e a Funda\u00e7\u00e3o Polit\u00e9cnica enviaram propostas.<\/p>\n<p>A vencedora foi escolhida por apresentar melhor proposta de trabalho.  Conforme o escopo dos servi\u00e7os oferecidos, a institui\u00e7\u00e3o far\u00e1 analise cr\u00edtica do uso de planilhas para o reajuste das tarifas praticadas, observando aspectos como pertin\u00eancia econ\u00f4mica para determinar o valor das tarifas, levando em considera\u00e7\u00e3o poss\u00edveis impactos no custo ao usu\u00e1rio e a necessidade de se manter uma remunera\u00e7\u00e3o realista aos prestadores de servi\u00e7o; al\u00e9m da an\u00e1lise da estrutura das planilhas empregadas em Ilh\u00e9us na determina\u00e7\u00e3o dos valores da passagem do transporte.<\/p>\n<p>Tamb\u00e9m faz parte do projeto, o estudo dos valores empregados nas planilhas para os reajustes j\u00e1 autorizados de tarifas; avalia\u00e7\u00e3o das atuais metodologias empregadas no c\u00e1lculo dos reajustes desses valores e a elabora\u00e7\u00e3o de sugest\u00f5es para o seu aprimoramento e das f\u00f3rmulas param\u00e9tricas, conforme o caso, e de formas alternativas para o c\u00e1lculo dos reajustes tarif\u00e1rios.<\/p>\n<p>Fipe \u2013 A Funda\u00e7\u00e3o Instituto de Pesquisas Econ\u00f4micas  \u00e9 uma entidade de direito privado, sem fins lucrativos, criada em 1973 para apoiar o Departamento de Economia da Faculdade de Economia, Administra\u00e7\u00e3o e Contabilidade da Universidade de S\u00e3o Paulo (FEA-USP), com destacada atua\u00e7\u00e3o nas \u00e1reas de pesquisa e ensino.<\/p>\n<p>&#8212;<br \/>\nSecretaria de Comunica\u00e7\u00e3o Social (Secom)<br \/>\nIlh\u00e9us \u2013 03.09.2013<\/p>\n","protected":false},"excerpt":{"rendered":"<p>Das sete institui\u00e7\u00f5es convidadas pela Secretaria de Desenvolvimento Urbano para participar da sele\u00e7\u00e3o para presta\u00e7\u00e3o do servi\u00e7o de auditoria, apenas duas apresentaram propostas. A vencedora, a Fipe, ofereceu melhor proposta de trabalho. O prefeito de Ilh\u00e9us, Jabes Ribeiro, assinou na manh\u00e3 desta ter\u00e7a-feira, dia 3, no sal\u00e3o de reuni\u00f5es do Hotel Barravento, a autoriza\u00e7\u00e3o para [&hellip;]<\/p>\n","protected":false},"author":2,"featured_media":0,"comment_status":"open","ping_status":"open","sticky":false,"template":"","format":"standard","meta":{"_links_to":"","_links_to_target":""},"categories":[23],"tags":[],"_links":{"self":[{"href":"https:\/\/www.r2cpress.com.br\/v1\/wp-json\/wp\/v2\/posts\/71254"}],"collection":[{"href":"https:\/\/www.r2cpress.com.br\/v1\/wp-json\/wp\/v2\/posts"}],"about":[{"href":"https:\/\/www.r2cpress.com.br\/v1\/wp-json\/wp\/v2\/types\/post"}],"author":[{"embeddable":true,"href":"https:\/\/www.r2cpress.com.br\/v1\/wp-json\/wp\/v2\/users\/2"}],"replies":[{"embeddable":true,"href":"https:\/\/www.r2cpress.com.br\/v1\/wp-json\/wp\/v2\/comments?post=71254"}],"version-history":[{"count":2,"href":"https:\/\/www.r2cpress.com.br\/v1\/wp-json\/wp\/v2\/posts\/71254\/revisions"}],"predecessor-version":[{"id":71257,"href":"https:\/\/www.r2cpress.com.br\/v1\/wp-json\/wp\/v2\/posts\/71254\/revisions\/71257"}],"wp:attachment":[{"href":"https:\/\/www.r2cpress.com.br\/v1\/wp-json\/wp\/v2\/media?parent=71254"}],"wp:term":[{"taxonomy":"category","embeddable":true,"href":"https:\/\/www.r2cpress.com.br\/v1\/wp-json\/wp\/v2\/categories?post=71254"},{"taxonomy":"post_tag","embeddable":true,"href":"https:\/\/www.r2cpress.com.br\/v1\/wp-json\/wp\/v2\/tags?post=71254"}],"curies":[{"name":"wp","href":"https:\/\/api.w.org\/{rel}","templated":true}]}}