{"id":71259,"date":"2013-09-04T08:56:34","date_gmt":"2013-09-04T11:56:34","guid":{"rendered":"http:\/\/www.r2cpress.com.br\/v1\/?p=71259"},"modified":"2013-09-04T08:56:34","modified_gmt":"2013-09-04T11:56:34","slug":"mpfba-promove-nesta-quarta-4-iii-seminario-ministerio-publico-para-jornalistas","status":"publish","type":"post","link":"https:\/\/www.r2cpress.com.br\/v1\/2013\/09\/04\/mpfba-promove-nesta-quarta-4-iii-seminario-ministerio-publico-para-jornalistas\/","title":{"rendered":"MPF\/BA promove nesta quarta, 4, III Semin\u00e1rio Minist\u00e9rio P\u00fablico para Jornalistas"},"content":{"rendered":"<p><em>O evento, voltado para jornalistas, formadores de opini\u00e3o e estudantes de jornalismo, ser\u00e1 realizado amanh\u00e3, 4 de setembro, das 14h \u00e0s 16h30, no audit\u00f3rio do MPF\/BA<\/em><\/p>\n<p>A imprensa, um dos principais p\u00fablicos estrat\u00e9gicos do Minist\u00e9rio P\u00fablico Federal (MPF), \u00e9 o alvo do III Semin\u00e1rio a ser realizado nesta quarta-feira, 4 de setembro. O evento, voltado para jornalistas, formadores de opini\u00e3o e estudantes de jornalismo, ser\u00e1 realizado das 14h \u00e0s 16h30, no audit\u00f3rio da sede do MPF\/BA, localizada na Rua Ivone Silveira, 243, Loteamento Centro Executivo, Doron (pr\u00f3ximo \u00e0 Advocacia Geral da Uni\u00e3o, na Paralela).<\/p>\n<p>Entre os palestrantes est\u00e3o o procurador-chefe do MPF\/BA, Wilson Rocha de Almeida Neto, que vai apresentar a estrutura, carreira e atribui\u00e7\u00f5es do \u00f3rg\u00e3o; o procurador da Rep\u00fablica Vladimir Aras, que \u00e9 membro da Divis\u00e3o de Combate \u00e0 Corrup\u00e7\u00e3o do MPF\/BA e falar\u00e1 sobre a atua\u00e7\u00e3o criminal do MPF, e o procurador Regional Eleitoral Sidney Madruga, que ministrar\u00e1 palestra sobre a estrutura e atribui\u00e7\u00f5es do Minist\u00e9rio P\u00fablico Eleitoral.<\/p>\n<p>No semin\u00e1rio, os participantes tamb\u00e9m conhecer\u00e3o, em detalhes, as ferramentas de transpar\u00eancia do MPF e atua\u00e7\u00e3o do N\u00facleo de Atendimento ao Cidad\u00e3o, instrumentos indispens\u00e1veis para o acesso \u00e0 informa\u00e7\u00e3o e a melhoria da comunica\u00e7\u00e3o com o \u00f3rg\u00e3o, al\u00e9m de interagirem com a Assessoria de Comunica\u00e7\u00e3o a fim de facilitar e dinamizar as trocas de informa\u00e7\u00f5es no dia a dia da imprensa.<\/p>\n<p>O Semin\u00e1rio Minist\u00e9rio P\u00fablico Federal para Jornalistas j\u00e1 foi realizado em Salvador e Feira de Santana\/BA, h\u00e1 alguns anos. Todos os participantes dever\u00e3o identificar-se na recep\u00e7\u00e3o da sede do MPF. As vagas s\u00e3o limitadas e ser\u00e3o preenchidas por ordem de chegada. O credenciamento come\u00e7a a partir das 13h30.<\/p>\n<p>III SEMIN\u00c1RIO MINIST\u00c9RIO P\u00daBLICO PARA JORNALISTAS<\/p>\n<p><strong>Programa\u00e7\u00e3o:<\/strong><\/p>\n<p><!--more--><\/p>\n<p>14h \u2013 Abertura<br \/>\nWilson Rocha de Almeida Neto, procurador-chefe do MPF<\/p>\n<p>14h10 \u2013 Como atua o Minist\u00e9rio P\u00fablico Federal: conhe\u00e7a um pouco sobre a estrutura, carreira e atribui\u00e7\u00f5es do \u00f3rg\u00e3o<br \/>\nWilson Rocha de Almeida Neto, procurador-chefe do MPF<\/p>\n<p>14h30 &#8211; Atua\u00e7\u00e3o Criminal do MPF<br \/>\nVladimir Aras \u2013 procuradora da Rep\u00fablica, membro da Divis\u00e3o de Combate \u00e0 Corrup\u00e7\u00e3o do MPF\/BA<\/p>\n<p>14h50 &#8211; PRE: estrutura e atua\u00e7\u00e3o do Minist\u00e9rio P\u00fablico Eleitoral<br \/>\nSidney Madruga, procurador Regional Eleitoral<\/p>\n<p>15h10 &#8211; Ferramentas de transpar\u00eancia no MPF e atua\u00e7\u00e3o do N\u00facleo de Atendimento ao Cidad\u00e3o<br \/>\nAndr\u00e9 Bispo \u2013 Respons\u00e1vel pelo N\u00facleo de Atendimento do Cidad\u00e3o do MPF\/BA<\/p>\n<p>15h30 \u2013 Assessoria de Comunica\u00e7\u00e3o do MPF\/BA<br \/>\nMarla Barata, assessora de Comunica\u00e7\u00e3o do MPF\/BA<\/p>\n<p>15h50 &#8211; Debate<br \/>\nWilson Rocha de Almeida Neto, procurador-chefe do MPF<\/p>\n<p>16h20 \u2013 Encerramento, informa\u00e7\u00e3o sobre a entrega do Guia MPF para Jornalistas ao fim do evento<br \/>\nWilson Rocha de Almeida Neto, procurador-chefe do MPF<\/p>\n","protected":false},"excerpt":{"rendered":"<p>O evento, voltado para jornalistas, formadores de opini\u00e3o e estudantes de jornalismo, ser\u00e1 realizado amanh\u00e3, 4 de setembro, das 14h \u00e0s 16h30, no audit\u00f3rio do MPF\/BA A imprensa, um dos principais p\u00fablicos estrat\u00e9gicos do Minist\u00e9rio P\u00fablico Federal (MPF), \u00e9 o alvo do III Semin\u00e1rio a ser realizado nesta quarta-feira, 4 de setembro. O evento, voltado [&hellip;]<\/p>\n","protected":false},"author":2,"featured_media":0,"comment_status":"open","ping_status":"open","sticky":false,"template":"","format":"standard","meta":{"_links_to":"","_links_to_target":""},"categories":[13],"tags":[],"_links":{"self":[{"href":"https:\/\/www.r2cpress.com.br\/v1\/wp-json\/wp\/v2\/posts\/71259"}],"collection":[{"href":"https:\/\/www.r2cpress.com.br\/v1\/wp-json\/wp\/v2\/posts"}],"about":[{"href":"https:\/\/www.r2cpress.com.br\/v1\/wp-json\/wp\/v2\/types\/post"}],"author":[{"embeddable":true,"href":"https:\/\/www.r2cpress.com.br\/v1\/wp-json\/wp\/v2\/users\/2"}],"replies":[{"embeddable":true,"href":"https:\/\/www.r2cpress.com.br\/v1\/wp-json\/wp\/v2\/comments?post=71259"}],"version-history":[{"count":2,"href":"https:\/\/www.r2cpress.com.br\/v1\/wp-json\/wp\/v2\/posts\/71259\/revisions"}],"predecessor-version":[{"id":71261,"href":"https:\/\/www.r2cpress.com.br\/v1\/wp-json\/wp\/v2\/posts\/71259\/revisions\/71261"}],"wp:attachment":[{"href":"https:\/\/www.r2cpress.com.br\/v1\/wp-json\/wp\/v2\/media?parent=71259"}],"wp:term":[{"taxonomy":"category","embeddable":true,"href":"https:\/\/www.r2cpress.com.br\/v1\/wp-json\/wp\/v2\/categories?post=71259"},{"taxonomy":"post_tag","embeddable":true,"href":"https:\/\/www.r2cpress.com.br\/v1\/wp-json\/wp\/v2\/tags?post=71259"}],"curies":[{"name":"wp","href":"https:\/\/api.w.org\/{rel}","templated":true}]}}