{"id":71267,"date":"2013-09-04T09:12:08","date_gmt":"2013-09-04T12:12:08","guid":{"rendered":"http:\/\/www.r2cpress.com.br\/v1\/?p=71267"},"modified":"2013-09-04T09:12:08","modified_gmt":"2013-09-04T12:12:08","slug":"grande-atracao-no-quarta-autoral","status":"publish","type":"post","link":"https:\/\/www.r2cpress.com.br\/v1\/2013\/09\/04\/grande-atracao-no-quarta-autoral\/","title":{"rendered":"Grande atra\u00e7\u00e3o no \u201cQuarta Autoral\u201d"},"content":{"rendered":"<p><div id=\"attachment_71268\" style=\"width: 310px\" class=\"wp-caption alignright\"><a href=\"http:\/\/www.r2cpress.com.br\/v1\/wp-content\/uploads\/Vilma-Oliveira11.jpg\"><img aria-describedby=\"caption-attachment-71268\" loading=\"lazy\" src=\"http:\/\/www.r2cpress.com.br\/v1\/wp-content\/uploads\/Vilma-Oliveira11.jpg\" alt=\"Vilma Oliveira\" width=\"300\" height=\"336\" class=\"size-full wp-image-71268\" srcset=\"https:\/\/www.r2cpress.com.br\/v1\/wp-content\/uploads\/Vilma-Oliveira11.jpg 300w, https:\/\/www.r2cpress.com.br\/v1\/wp-content\/uploads\/Vilma-Oliveira11-267x300.jpg 267w\" sizes=\"(max-width: 300px) 100vw, 300px\" \/><\/a><p id=\"caption-attachment-71268\" class=\"wp-caption-text\">Vilma Oliveira<\/p><\/div>* A cantora Vilma Oliveira \u00e9 uma das atra\u00e7\u00f5es do projeto cultural \u201cQuarta Autoral\u201d, que acontece dia 4 de setembro, no bar Borrachinha, localizado na Avenida Soares Lopes (pr\u00f3ximo ao Centro de Conven\u00e7\u00f5es Luiz Eduardo Magalh\u00e3es, em Ilh\u00e9us).<\/p>\n<p>Vilma, que j\u00e1 tem quatro CDs na sua vitoriosa carreira musical, estar\u00e1 lan\u00e7ando o quinto, nos pr\u00f3ximos dias, o qual agradar\u00e1 em cheio aos amantes do estilo Arrocha. \u00c9 uma cantora, tamb\u00e9m compositora, que encanta com a M\u00fasica Popular Brasileira (MPB), bem como em outros ritmos populares. Imperd\u00edvel!<\/p>\n<p>O Quarta Autoral \u00e9 coordenado por m\u00fasicos ilheenses, a exemplo de Edu Neto, S\u00e9rgio Di Ramos, al\u00e9m do iluminador de eventos Paulo Ros\u00e1rio e do professor e escritor Andr\u00e9 Rosa, dentre outros. O objetivo do projeto \u00e9 manter um espa\u00e7o cultural, onde o artista, de toda \u00e1rea, tenha a possibilidade de divulgar a sua arte original para moradores da cidade e turistas. Uma excelente ideia!<br \/>\nAcontece, quinzenalmente, \u00e0s quarta-feira,  de 7 h \u00e0s 9 h da noite, sempre no mesmo local.<\/p>\n<p>&#8212;<\/p>\n<p>Evento: Quarta Autoral<br \/>\nLocal: Bar Borrachinha, no principal cart\u00e3o postal de Ilh\u00e9us, pr\u00f3ximo ao Centro de Conven\u00e7\u00f5es Luiz Eduardo Magalh\u00e3es<br \/>\nData: 4 de setembro de 2013 (Quarta-feira)<br \/>\nHor\u00e1rio: 19  \u00e0s 21 horas <\/p>\n","protected":false},"excerpt":{"rendered":"<p>* A cantora Vilma Oliveira \u00e9 uma das atra\u00e7\u00f5es do projeto cultural \u201cQuarta Autoral\u201d, que acontece dia 4 de setembro, no bar Borrachinha, localizado na Avenida Soares Lopes (pr\u00f3ximo ao Centro de Conven\u00e7\u00f5es Luiz Eduardo Magalh\u00e3es, em Ilh\u00e9us). Vilma, que j\u00e1 tem quatro CDs na sua vitoriosa carreira musical, estar\u00e1 lan\u00e7ando o quinto, nos pr\u00f3ximos [&hellip;]<\/p>\n","protected":false},"author":2,"featured_media":0,"comment_status":"open","ping_status":"open","sticky":false,"template":"","format":"standard","meta":{"_links_to":"","_links_to_target":""},"categories":[28],"tags":[],"_links":{"self":[{"href":"https:\/\/www.r2cpress.com.br\/v1\/wp-json\/wp\/v2\/posts\/71267"}],"collection":[{"href":"https:\/\/www.r2cpress.com.br\/v1\/wp-json\/wp\/v2\/posts"}],"about":[{"href":"https:\/\/www.r2cpress.com.br\/v1\/wp-json\/wp\/v2\/types\/post"}],"author":[{"embeddable":true,"href":"https:\/\/www.r2cpress.com.br\/v1\/wp-json\/wp\/v2\/users\/2"}],"replies":[{"embeddable":true,"href":"https:\/\/www.r2cpress.com.br\/v1\/wp-json\/wp\/v2\/comments?post=71267"}],"version-history":[{"count":2,"href":"https:\/\/www.r2cpress.com.br\/v1\/wp-json\/wp\/v2\/posts\/71267\/revisions"}],"predecessor-version":[{"id":71270,"href":"https:\/\/www.r2cpress.com.br\/v1\/wp-json\/wp\/v2\/posts\/71267\/revisions\/71270"}],"wp:attachment":[{"href":"https:\/\/www.r2cpress.com.br\/v1\/wp-json\/wp\/v2\/media?parent=71267"}],"wp:term":[{"taxonomy":"category","embeddable":true,"href":"https:\/\/www.r2cpress.com.br\/v1\/wp-json\/wp\/v2\/categories?post=71267"},{"taxonomy":"post_tag","embeddable":true,"href":"https:\/\/www.r2cpress.com.br\/v1\/wp-json\/wp\/v2\/tags?post=71267"}],"curies":[{"name":"wp","href":"https:\/\/api.w.org\/{rel}","templated":true}]}}