{"id":71295,"date":"2013-09-04T12:05:35","date_gmt":"2013-09-04T15:05:35","guid":{"rendered":"http:\/\/www.r2cpress.com.br\/v1\/?p=71295"},"modified":"2013-09-04T12:05:35","modified_gmt":"2013-09-04T15:05:35","slug":"diocese-de-ilheus-tem-encontros-e-ordenacoes-durante-o-final-de-semana","status":"publish","type":"post","link":"https:\/\/www.r2cpress.com.br\/v1\/2013\/09\/04\/diocese-de-ilheus-tem-encontros-e-ordenacoes-durante-o-final-de-semana\/","title":{"rendered":"Diocese de Ilh\u00e9us tem Encontros e Ordena\u00e7\u00f5es durante o Final de Semana."},"content":{"rendered":"<p>Nos dias 31\/08 e 01\/09 foi realizado na Cidade de Ibirataia, que pertence \u00e0 Diocese de Ilh\u00e9us, o Jubileu da Fam\u00edlia e do Laicato, Evento este que fez parte das Comemora\u00e7\u00f5es do Primeiro Centen\u00e1rio Diocesano.<\/p>\n<p>O Encontro com as Fam\u00edlias teve como promotores a Pastoral Familiar e o Encontro de Casais com Cristo \u2013 ECC &#8211; foi realizado na C\u00e2mara de Vereadores da Cidade, enquanto que o Semin\u00e1rio de Leigos aconteceu no Distrito de Algod\u00e3o, a 18 Kms de Ibirataia.<\/p>\n<p>O tema do Jubileu das Fam\u00edlias foi: <em><b>Ser Fam\u00edlia para Anunciar o Evangelho<\/b><\/em> e teve como Coordenador\u00a0<strong> Padre Wellington Selma Rocha<\/strong>; foram Assessores por <em>Raimundo Veloso Leal (Tico) e Vera L\u00facia Morais Leal<\/em>, Casal Coordenador nacional da Pastoral Familiar da CNBB e para fazer o Encaminhamento da Carta Centen\u00e1ria do Setor para a Diocese o <strong>Padre Marcio Luciano Martins de Souza.<\/strong><\/p>\n<p>Pelo lado dos Leigos, o tema foi <em><b>Voca\u00e7\u00e3o do Leigo:<\/b><\/em> <em><b>Seguir os Passos de Jesus Cristo, numa Igreja Ministerial<\/b><\/em><em><b>.<\/b><\/em> A Coordena\u00e7\u00e3o ficou a cargo do <strong>Seminarista Jerfson Santos Santos<\/strong> e contou com a Assessoria do Vice Presidente do Conselho Nacional de Leigos do Brasil (CNLB) <em>Laudelino Augusto dos Santos Azevedo<\/em>. Para encaminhar a Carta Centen\u00e1ria do setor ficou encarregado o Presidente CONDILI, <em>Makrizi Angeli.<\/em><\/p>\n<p>Nos dois encontros tivemos a participa\u00e7\u00e3o de aproximadamente umas 600 pessoas com representantes de todas as Par\u00f3quias da nossa Diocese.<\/p>\n<p><!--more--><\/p>\n<p>No dia 01\/09 \u00e0s 13h00 tivemos na Pra\u00e7a da Igreja Matriz de S\u00e3o Jos\u00e9 em Ibirataia um show do Padre Cristo que tamb\u00e9m comemorava os seus 28 anos de Ordena\u00e7\u00e3o Presbiteral. Cantando hinos de Louvores a Deus animou toda a comunidade ali presente at\u00e9 o grande momento deste dia.<\/p>\n<p>\u00c0s 15h10 minutos iniciou-se \u00a0a Celebra\u00e7\u00e3o Eucar\u00edstica da Ordena\u00e7\u00e3o Presbiteral dos Di\u00e1conos Brasilino Neto e Edilson Souza presidida pelo Bispo Diocesano dom Mauro Montagnoli. Estiveram presentes 33 padres da diocese e de 06 outras dioceses, 02 padres palotinos, 01 di\u00e1cono de Livramento, os seminaristas da diocese de Ilh\u00e9us, da diocese de Jequi\u00e9,\u00a0 dos palotinos, irm\u00e3s religiosas e irm\u00e3o passionista e uma multid\u00e3o de fi\u00e9is, quase duas mil pessoas, provenientes de toda a diocese de Ilh\u00e9us que vieram participar da celebra\u00e7\u00e3o do Jubileu do Laicato e da Fam\u00edlia.<\/p>\n<p>A Celebra\u00e7\u00e3o iniciou com uma bela prociss\u00e3o. Durante a Ora\u00e7\u00e3o Consacrat\u00f3ria despejou uma bela chuva mas ningu\u00e9m se arredou do lugar. Depois da un\u00e7\u00e3o das m\u00e3os os dois novos Padres da nossa Diocese se apresentaram \u00e0 assembl\u00e9ia.<\/p>\n<p>Em sua homilia o Bispo fez refer\u00eancia \u00e0 reflex\u00e3o que o Papa Francisco fez aos bispos do Brasil no Rio de Janeiro chamando a aten\u00e7\u00e3o para o cuidado que a Igreja, hierarquia e laicato, deve ter para com as pessoas acolhendo, animando, defendendo contra o mal.<\/p>\n<p>Pe. Aldemiro, coordenador da Pastoral presbiteral,\u00a0 deu as boas vindas\u00a0 aos novos Padres mostrando-lhes a import\u00e2ncia e dificuldades do novo minist\u00e9rio. O Neo Presb\u00edtero Brasilino Neto agradeceu a todos em nome dele e do Edilson Souza.<\/p>\n<p>A celebra\u00e7\u00e3o teve a dura\u00e7\u00e3o de 2 horas e meia.<\/p>\n<p>Dom Mauro deu a Ben\u00e7\u00e3o Final encerrando este final de semana bem animado em nossa Diocese, convidando a todos para o pr\u00f3ximo dia 20 de outubro quando ser\u00e1 comemorado o Centen\u00e1rio da nossa t\u00e3o querida e amada Diocese de Ilh\u00e9us pois:<\/p>\n<p>&nbsp;<\/p>\n<p align=\"right\"><em><b>O que Vimos e Ouvimos, N\u00f3s Anunciamos (1Jo 1,3)<\/b><\/em><\/p>\n<p>&#8212;<\/p>\n<p>Por Paulo Costa<\/p>\n","protected":false},"excerpt":{"rendered":"<p>Nos dias 31\/08 e 01\/09 foi realizado na Cidade de Ibirataia, que pertence \u00e0 Diocese de Ilh\u00e9us, o Jubileu da Fam\u00edlia e do Laicato, Evento este que fez parte das Comemora\u00e7\u00f5es do Primeiro Centen\u00e1rio Diocesano. O Encontro com as Fam\u00edlias teve como promotores a Pastoral Familiar e o Encontro de Casais com Cristo \u2013 ECC [&hellip;]<\/p>\n","protected":false},"author":2,"featured_media":0,"comment_status":"open","ping_status":"open","sticky":false,"template":"","format":"standard","meta":{"_links_to":"","_links_to_target":""},"categories":[14],"tags":[],"_links":{"self":[{"href":"https:\/\/www.r2cpress.com.br\/v1\/wp-json\/wp\/v2\/posts\/71295"}],"collection":[{"href":"https:\/\/www.r2cpress.com.br\/v1\/wp-json\/wp\/v2\/posts"}],"about":[{"href":"https:\/\/www.r2cpress.com.br\/v1\/wp-json\/wp\/v2\/types\/post"}],"author":[{"embeddable":true,"href":"https:\/\/www.r2cpress.com.br\/v1\/wp-json\/wp\/v2\/users\/2"}],"replies":[{"embeddable":true,"href":"https:\/\/www.r2cpress.com.br\/v1\/wp-json\/wp\/v2\/comments?post=71295"}],"version-history":[{"count":3,"href":"https:\/\/www.r2cpress.com.br\/v1\/wp-json\/wp\/v2\/posts\/71295\/revisions"}],"predecessor-version":[{"id":71298,"href":"https:\/\/www.r2cpress.com.br\/v1\/wp-json\/wp\/v2\/posts\/71295\/revisions\/71298"}],"wp:attachment":[{"href":"https:\/\/www.r2cpress.com.br\/v1\/wp-json\/wp\/v2\/media?parent=71295"}],"wp:term":[{"taxonomy":"category","embeddable":true,"href":"https:\/\/www.r2cpress.com.br\/v1\/wp-json\/wp\/v2\/categories?post=71295"},{"taxonomy":"post_tag","embeddable":true,"href":"https:\/\/www.r2cpress.com.br\/v1\/wp-json\/wp\/v2\/tags?post=71295"}],"curies":[{"name":"wp","href":"https:\/\/api.w.org\/{rel}","templated":true}]}}