{"id":71303,"date":"2013-09-04T15:29:01","date_gmt":"2013-09-04T18:29:01","guid":{"rendered":"http:\/\/www.r2cpress.com.br\/v1\/?p=71303"},"modified":"2013-09-04T15:29:01","modified_gmt":"2013-09-04T18:29:01","slug":"definida-ordem-de-desfiledo-7-de-setembro-em-ilheus","status":"publish","type":"post","link":"https:\/\/www.r2cpress.com.br\/v1\/2013\/09\/04\/definida-ordem-de-desfiledo-7-de-setembro-em-ilheus\/","title":{"rendered":"Definida ordem de desfiledo 7 de Setembro em Ilh\u00e9us"},"content":{"rendered":"<table width=\"605\" border=\"1\" cellspacing=\"0\" cellpadding=\"0\">\n<tbody>\n<tr>\n<td valign=\"top\" width=\"605\">\n<p align=\"center\"><b>Ordem das institui\u00e7\u00f5es que participar\u00e3o do desfile de 7 de Setembro<\/b><\/p>\n<p align=\"center\"><b>\u00a0<\/b><\/p>\n<\/td>\n<\/tr>\n<tr>\n<td valign=\"top\" width=\"605\">\n<p align=\"center\"><b>PRIMEIRO GRUPAMENTOMILITARES<\/b><\/p>\n<p align=\"center\"><b>\u00a0<\/b><\/p>\n<\/td>\n<\/tr>\n<tr>\n<td valign=\"top\" width=\"605\"><b>Viatura CMT tropa<\/b><\/p>\n<p><b>Viatura FEB<\/b><\/p>\n<p><b>1\u00ba. Marinha do Brasil<\/b><\/p>\n<p><b>2\u00ba. 18\u00ba CSM Ex\u00e9rcito<\/b><\/p>\n<p><b>3\u00ba. Col\u00e9gio Militar PM<\/b><\/p>\n<p><b>4\u00ba. Banda do 2\u00ba BPM<\/b><\/p>\n<p><b>5\u00ba. Alunos curso de aperfei\u00e7oamento no 2\u00ba BPM<\/b><\/p>\n<p><b>6\u00ba. Pelot\u00e3o Misto &#8211; 68\u00ba CIPM\/ 69\u00ba CIPM \/70\u00ba CIPM<\/b><\/p>\n<p><b>7\u00ba. Corpo de Bombeiros<\/b><\/p>\n<p><b>Viaturas da Marinha <\/b><\/p>\n<p><b>Viaturas do Bombeiro<\/b><b><\/b><\/td>\n<\/tr>\n<tr>\n<td valign=\"top\" width=\"605\"><b>SEGUNDO GRUPAMENTO -CLUBES DE SERVI\u00c7OS E ENTIDADES<\/b><\/p>\n<p><b>\u00a0<\/b><\/p>\n<p><b>\u00a0<\/b><\/td>\n<\/tr>\n<tr>\n<td valign=\"top\" width=\"605\"><b>8\u00ba. Associa\u00e7\u00e3o de Pais e Amigos dos Excepcionais<\/b><\/p>\n<p><b>9\u00ba. Cap\u00edtulo S\u00e3o Jorge dos Ilheos n\u00ba603\/ Demolay<\/b><\/p>\n<p><b>10\u00ba. Associa\u00e7\u00e3o grupo jovem for\u00e7a e uni\u00e3o\/ ESCOTISMO<\/b><\/p>\n<p><b>11\u00ba. Lions Clube Norte<\/b><\/p>\n<p><b>12\u00ba. Lions Clube centro<\/b><\/p>\n<p><b>13\u00ba. Lions Clube Pontal<\/b><\/p>\n<p><b>14\u00ba. Rotary Clube de Ilh\u00e9us Jorge Amado<\/b><\/td>\n<\/tr>\n<tr>\n<td valign=\"top\" width=\"605\"><b>TERCEIRO GRUPAMENTO &#8211; PROGRAMA SOCIAL<\/b><\/p>\n<p><b>\u00a0<\/b><\/p>\n<p><b>\u00a0<\/b><\/td>\n<\/tr>\n<tr>\n<td valign=\"top\" width=\"605\"><b>15\u00ba. Secretaria de desenvolvimento Social\/PETI\/ PROJOVEM<\/b><\/td>\n<\/tr>\n<\/tbody>\n<\/table>\n","protected":false},"excerpt":{"rendered":"<p>Ordem das institui\u00e7\u00f5es que participar\u00e3o do desfile de 7 de Setembro \u00a0 PRIMEIRO GRUPAMENTOMILITARES \u00a0 Viatura CMT tropa Viatura FEB 1\u00ba. Marinha do Brasil 2\u00ba. 18\u00ba CSM Ex\u00e9rcito 3\u00ba. Col\u00e9gio Militar PM 4\u00ba. Banda do 2\u00ba BPM 5\u00ba. Alunos curso de aperfei\u00e7oamento no 2\u00ba BPM 6\u00ba. Pelot\u00e3o Misto &#8211; 68\u00ba CIPM\/ 69\u00ba CIPM \/70\u00ba CIPM [&hellip;]<\/p>\n","protected":false},"author":2,"featured_media":0,"comment_status":"open","ping_status":"open","sticky":false,"template":"","format":"standard","meta":{"_links_to":"","_links_to_target":""},"categories":[14],"tags":[],"_links":{"self":[{"href":"https:\/\/www.r2cpress.com.br\/v1\/wp-json\/wp\/v2\/posts\/71303"}],"collection":[{"href":"https:\/\/www.r2cpress.com.br\/v1\/wp-json\/wp\/v2\/posts"}],"about":[{"href":"https:\/\/www.r2cpress.com.br\/v1\/wp-json\/wp\/v2\/types\/post"}],"author":[{"embeddable":true,"href":"https:\/\/www.r2cpress.com.br\/v1\/wp-json\/wp\/v2\/users\/2"}],"replies":[{"embeddable":true,"href":"https:\/\/www.r2cpress.com.br\/v1\/wp-json\/wp\/v2\/comments?post=71303"}],"version-history":[{"count":2,"href":"https:\/\/www.r2cpress.com.br\/v1\/wp-json\/wp\/v2\/posts\/71303\/revisions"}],"predecessor-version":[{"id":71305,"href":"https:\/\/www.r2cpress.com.br\/v1\/wp-json\/wp\/v2\/posts\/71303\/revisions\/71305"}],"wp:attachment":[{"href":"https:\/\/www.r2cpress.com.br\/v1\/wp-json\/wp\/v2\/media?parent=71303"}],"wp:term":[{"taxonomy":"category","embeddable":true,"href":"https:\/\/www.r2cpress.com.br\/v1\/wp-json\/wp\/v2\/categories?post=71303"},{"taxonomy":"post_tag","embeddable":true,"href":"https:\/\/www.r2cpress.com.br\/v1\/wp-json\/wp\/v2\/tags?post=71303"}],"curies":[{"name":"wp","href":"https:\/\/api.w.org\/{rel}","templated":true}]}}