{"id":71323,"date":"2013-09-04T19:31:55","date_gmt":"2013-09-04T22:31:55","guid":{"rendered":"http:\/\/www.r2cpress.com.br\/v1\/?p=71323"},"modified":"2013-09-04T19:31:55","modified_gmt":"2013-09-04T22:31:55","slug":"aviao-com-governador-jaques-wagner-se-envolve-em-acidente-no-rio-de-janeiro","status":"publish","type":"post","link":"https:\/\/www.r2cpress.com.br\/v1\/2013\/09\/04\/aviao-com-governador-jaques-wagner-se-envolve-em-acidente-no-rio-de-janeiro\/","title":{"rendered":"Avi\u00e3o com governador Jaques Wagner se envolve em acidente no Rio de Janeiro"},"content":{"rendered":"<p><strong>Segundo a Gol, o avi\u00e3o vinha do aeroporto de Congonhas (SP) e estava com 47 passageiros a bordo<\/strong><\/p>\n<p>Uma aeronave da Gol, que levava o governador da Bahia Jaques Wagner, se envolveu em um leve acidente com um Boeing 777 da Emirates no Aeroporto Internacional Tom Jobim (Gale\u00e3o), no Rio de Janeiro. A colis\u00e3o aconteceu quando aeronave da companhia a\u00e9rea brasileira estava parada, com os passageiros aguardando o desembarque, e o avi\u00e3o da Emirates estava fazendo o taxiamento, segundo a assessoria de comunica\u00e7\u00e3o da Gol.<\/p>\n<p>O pol\u00edtico, que participava de um encontro de turismo no Anhembi, viajava para o Rio para uma reuni\u00e3o na Petrobras quando houve o acidente. De acordo com sua assessoria Jaques Wagner que viajava sem sua comitiva, n\u00e3o se feriu e n\u00e3o houve altera\u00e7\u00f5es na agenda do governador.<\/p>\n<p>A assessoria de comunica\u00e7\u00e3o da Infraero informou que n\u00e3o houve feridos e que o incidente n\u00e3o afetou as opera\u00e7\u00f5es do aeroporto. Segundo uma nota de comunica\u00e7\u00e3o enviada pela Gol, o avi\u00e3o vinha do aeroporto de Congonhas (SP) e estava com 47 passageiros a bordo. A assessoria de imprensa da companhia a\u00e9rea brasileira informou que o taxiamento foi autorizado para pouso e que durante o desembarque a asa da aeronave da companhia a\u00e9rea Emirates se chocou com o leme de dire\u00e7\u00e3o do avi\u00e3o da Gol.<\/p>\n<p>&#8212;<br \/>\nReda\u00e7\u00e3o iBahia<br \/>\n(redacao@portalibahia.com.br)<br \/>\nhttp:\/\/www.ibahia.com\/detalhe\/noticia\/aviao-com-governador-jaques-wagner-se-envolve-em-acidente-no-rio-de-janeiro\/?cHash=29dca38e6630a81e799137ac015f0259<\/p>\n","protected":false},"excerpt":{"rendered":"<p>Segundo a Gol, o avi\u00e3o vinha do aeroporto de Congonhas (SP) e estava com 47 passageiros a bordo Uma aeronave da Gol, que levava o governador da Bahia Jaques Wagner, se envolveu em um leve acidente com um Boeing 777 da Emirates no Aeroporto Internacional Tom Jobim (Gale\u00e3o), no Rio de Janeiro. A colis\u00e3o aconteceu [&hellip;]<\/p>\n","protected":false},"author":2,"featured_media":0,"comment_status":"open","ping_status":"open","sticky":false,"template":"","format":"standard","meta":{"_links_to":"","_links_to_target":""},"categories":[13],"tags":[],"_links":{"self":[{"href":"https:\/\/www.r2cpress.com.br\/v1\/wp-json\/wp\/v2\/posts\/71323"}],"collection":[{"href":"https:\/\/www.r2cpress.com.br\/v1\/wp-json\/wp\/v2\/posts"}],"about":[{"href":"https:\/\/www.r2cpress.com.br\/v1\/wp-json\/wp\/v2\/types\/post"}],"author":[{"embeddable":true,"href":"https:\/\/www.r2cpress.com.br\/v1\/wp-json\/wp\/v2\/users\/2"}],"replies":[{"embeddable":true,"href":"https:\/\/www.r2cpress.com.br\/v1\/wp-json\/wp\/v2\/comments?post=71323"}],"version-history":[{"count":2,"href":"https:\/\/www.r2cpress.com.br\/v1\/wp-json\/wp\/v2\/posts\/71323\/revisions"}],"predecessor-version":[{"id":71325,"href":"https:\/\/www.r2cpress.com.br\/v1\/wp-json\/wp\/v2\/posts\/71323\/revisions\/71325"}],"wp:attachment":[{"href":"https:\/\/www.r2cpress.com.br\/v1\/wp-json\/wp\/v2\/media?parent=71323"}],"wp:term":[{"taxonomy":"category","embeddable":true,"href":"https:\/\/www.r2cpress.com.br\/v1\/wp-json\/wp\/v2\/categories?post=71323"},{"taxonomy":"post_tag","embeddable":true,"href":"https:\/\/www.r2cpress.com.br\/v1\/wp-json\/wp\/v2\/tags?post=71323"}],"curies":[{"name":"wp","href":"https:\/\/api.w.org\/{rel}","templated":true}]}}