{"id":71345,"date":"2013-09-05T14:12:37","date_gmt":"2013-09-05T17:12:37","guid":{"rendered":"http:\/\/www.r2cpress.com.br\/v1\/?p=71345"},"modified":"2013-09-05T14:13:50","modified_gmt":"2013-09-05T17:13:50","slug":"pontos-de-parada-de-onibus-centro","status":"publish","type":"post","link":"https:\/\/www.r2cpress.com.br\/v1\/2013\/09\/05\/pontos-de-parada-de-onibus-centro\/","title":{"rendered":"Pontos de Parada de \u00d4nibus &#8211; Centro"},"content":{"rendered":"<p><span style=\"color: #2672ec; font-family: Arial; font-size: large;\"><b>Estimado Rabat,<\/b><\/span><\/p>\n<div><span style=\"color: #2672ec; font-family: Arial; font-size: large;\"><b>\u00a0<\/b><\/span><\/div>\n<div><span style=\"color: #2672ec; font-family: Arial; font-size: large;\"><b>n\u00e3o sei se j\u00e1 foi veiculada alguma reclama\u00e7\u00e3o sobre o estado lastim\u00e1vel dos pontos de parada de \u00f4nibus ao longo do pared\u00e3o da Ladeira da Vit\u00f3ria, iniciando-se junto ao seu escrit\u00f3rio at\u00e9 a altura da Pra\u00e7a Cel. Pessoa. Enumero, a seguir, as defici\u00eancias:<\/b><\/span><\/div>\n<div><span style=\"color: #2672ec; font-family: Arial; font-size: large;\"><b>\u00a0<\/b><\/span><\/div>\n<div>\n<ol>\n<li><b><span style=\"color: #2672ec; font-size: large;\">o asfalto est\u00e1 com crateras que juntam \u00e1guas pluviais, \u00e0s vezes atiradas na cal\u00e7ada, molhando transeuntes e passageiros que estejam \u00e0 espera de seu transporte;\u00a0<\/span><\/b><\/li>\n<li><b><span style=\"color: #2672ec; font-size: large;\">a vala que canaliza a \u00e1gua minada do pared\u00e3o est\u00e1 com vegeta\u00e7\u00e3o alta, impedindo seu escoamento adequado e aglomera muito lixo;<\/span><\/b><\/li>\n<li><b><span style=\"color: #2672ec; font-size: large;\">faltam lixeiras em n\u00famero suficiente para facilitar aos transeuntes dispensar lixo;<\/span><\/b><\/li>\n<\/ol>\n<p>&nbsp;<\/p>\n<div><strong><span style=\"color: #3366ff;\"><span style=\"font-family: Arial;\">Cabe lembrar que o asfalto j\u00e1 foi por diversas vezes reparado, sem, entretanto, atentar para a necessidade de o fazer com uma camada de concreto forte \u00a0e espessa, pois, sendo local de parada de muitos e pesados \u00f4nibus, a tend\u00eancia de uma camada insuficiente de asfalto \u00e9 ceder. <\/span><\/span><\/strong><strong><\/strong><\/div>\n<div><\/div>\n<div><strong><span style=\"font-family: Arial; color: #3366ff;\">Acho que o passeio, hoje no mesmo n\u00edvel da pista asf\u00e1ltica de rolamento deve ser elevado para cerca de 30 cent\u00edmetros, tal qual no Terminal Urbano. Isso proporciona maior conforto para pessoas com necessidades especiais e maior seguran\u00e7a a todos.<\/span><\/strong><\/div>\n<p><strong><\/strong><strong><span style=\"color: #3366ff;\"><span style=\"font-family: Arial;\">Aqueles encarregados de licitar e quem for executar a obra devem atentar para o fazer, tamb\u00e9m, como foi feito no Terminal Urbano, por onde h\u00e1 v\u00e1rios anos circulam e param quase todos os\u00a0<\/span><span style=\"font-family: Arial;\">\u00f4nibus<\/span><span style=\"font-family: Arial;\">\u00a0de Ilh\u00e9us, sem que o piso tenha cedido.\u00a0<\/span><\/span><\/strong><\/p>\n<p><strong><\/strong><strong><span style=\"color: #3366ff;\"><span style=\"font-family: Arial;\">Tenho notado que problemas semelhantes ocorrem na maioria absoluta das paradas de \u00f4nibus coletivos, com tr\u00e1fico intenso, sem entrar no m\u00e9rito das estradas vicinais que ligam a zona rural \u00e0 sede do munic\u00edpio. Em determinadas ocasi\u00f5es ficam intransit\u00e1veis e n\u00e3o h\u00e1 como reclamar das empresas concession\u00e1rias do transporte. A culpa recai sempre sobre a omiss\u00e3o do Poder P\u00fablico. Uma l\u00e1stima!<\/span><\/span><\/strong><\/p>\n<div><strong><\/strong><strong><\/strong><strong><span style=\"color: #3366ff;\"><span style=\"font-family: Arial;\">Est\u00e1 ocorrendo a opera\u00e7\u00e3o tapa buracos pela cidade e esses locais deveriam ser contemplados com especial aten\u00e7\u00e3o. Prejudicam tanto os passageiros, quanto as empresas concession\u00e1rias. Os danos aos pneus e estruturas dos \u00f4nibus refletem em sua conta de manuten\u00e7\u00e3o e reparos, constante de suas planilhas de custos, ora em processo de auditoria. Tal defici\u00eancia vi\u00e1ria pode ser um argumento de peso no <i>lenga lenga<\/i> da redu\u00e7\u00e3o da tarifa, atualmente em demanda.<\/span><\/span><\/strong><strong><\/strong><strong><\/strong><\/div>\n<div><strong><span style=\"color: #3366ff;\"><span style=\"font-family: Arial;\">\u00a0<\/span><\/span><\/strong><\/div>\n<div><strong><span style=\"color: #3366ff;\"><span style=\"font-family: Arial;\">Abra\u00e7o,<\/span><\/span><\/strong><strong><\/strong><\/div>\n<div><strong><span style=\"color: #3366ff;\"><span style=\"font-family: Arial;\">JUVENTINO RIBEIRO<\/span><\/span><\/strong><\/div>\n<p>&nbsp;<\/p>\n<\/div>\n","protected":false},"excerpt":{"rendered":"<p>Estimado Rabat, \u00a0 n\u00e3o sei se j\u00e1 foi veiculada alguma reclama\u00e7\u00e3o sobre o estado lastim\u00e1vel dos pontos de parada de \u00f4nibus ao longo do pared\u00e3o da Ladeira da Vit\u00f3ria, iniciando-se junto ao seu escrit\u00f3rio at\u00e9 a altura da Pra\u00e7a Cel. Pessoa. Enumero, a seguir, as defici\u00eancias: \u00a0 o asfalto est\u00e1 com crateras que juntam \u00e1guas [&hellip;]<\/p>\n","protected":false},"author":2,"featured_media":0,"comment_status":"open","ping_status":"open","sticky":false,"template":"","format":"standard","meta":{"_links_to":"","_links_to_target":""},"categories":[10],"tags":[],"_links":{"self":[{"href":"https:\/\/www.r2cpress.com.br\/v1\/wp-json\/wp\/v2\/posts\/71345"}],"collection":[{"href":"https:\/\/www.r2cpress.com.br\/v1\/wp-json\/wp\/v2\/posts"}],"about":[{"href":"https:\/\/www.r2cpress.com.br\/v1\/wp-json\/wp\/v2\/types\/post"}],"author":[{"embeddable":true,"href":"https:\/\/www.r2cpress.com.br\/v1\/wp-json\/wp\/v2\/users\/2"}],"replies":[{"embeddable":true,"href":"https:\/\/www.r2cpress.com.br\/v1\/wp-json\/wp\/v2\/comments?post=71345"}],"version-history":[{"count":5,"href":"https:\/\/www.r2cpress.com.br\/v1\/wp-json\/wp\/v2\/posts\/71345\/revisions"}],"predecessor-version":[{"id":71349,"href":"https:\/\/www.r2cpress.com.br\/v1\/wp-json\/wp\/v2\/posts\/71345\/revisions\/71349"}],"wp:attachment":[{"href":"https:\/\/www.r2cpress.com.br\/v1\/wp-json\/wp\/v2\/media?parent=71345"}],"wp:term":[{"taxonomy":"category","embeddable":true,"href":"https:\/\/www.r2cpress.com.br\/v1\/wp-json\/wp\/v2\/categories?post=71345"},{"taxonomy":"post_tag","embeddable":true,"href":"https:\/\/www.r2cpress.com.br\/v1\/wp-json\/wp\/v2\/tags?post=71345"}],"curies":[{"name":"wp","href":"https:\/\/api.w.org\/{rel}","templated":true}]}}